{"id":9862,"date":"2022-11-02T17:54:05","date_gmt":"2022-11-02T17:54:05","guid":{"rendered":"https:\/\/agrarias.ufpr.br\/pglsf\/?post_type=noticias&#038;p=9862"},"modified":"2026-04-01T12:56:04","modified_gmt":"2026-04-01T15:56:04","slug":"abertas-as-pre-inscricoes-para-a-especializacao-em-fitossanidade-da-ufpr-turma-2023","status":"publish","type":"post","link":"https:\/\/agrarias.ufpr.br\/pglsf\/2022\/11\/02\/abertas-as-pre-inscricoes-para-a-especializacao-em-fitossanidade-da-ufpr-turma-2023\/","title":{"rendered":"Abertas as inscri\u00e7\u00f5es para a Especializa\u00e7\u00e3o em Fitossanidade da UFPR &#8211; Turma 2026"},"content":{"rendered":"\n<p>Venha se tornar especialista em Fitossanidade pela UFPR! Esta \u00e9 uma \u00f3tima oportunidade para graduados e para quem est\u00e1 se formando. O curso pode ser feito concomitante com a gradua\u00e7\u00e3o, podendo ser apresentado o diploma da gradua\u00e7\u00e3o apenas ao final do curso de p\u00f3s-gradua\u00e7\u00e3o.<\/p>\n\n\n\n<p>A qualifica\u00e7\u00e3o de profissionais na \u00e1rea de fitossanidade \u00e9 uma necessidade cada vez maior no competitivo mercado nacional e internacional. Para atender a essa demanda, a Universidade Federal do Paran\u00e1 oferta o curso de P\u00f3s-Gradua\u00e7\u00e3o Lato Sensu em Fitossanidade.<\/p>\n\n\n\n<p><strong>A pr\u00f3xima turma ter\u00e1 in\u00edcio em mar\u00e7o\/2026<\/strong> e est\u00e1 com as inscri\u00e7\u00f5es abertas (<a href=\"https:\/\/ufpr.pecca.com.br\/pos-graduacao-lato-sensu-em-fitossanidade\/\">https:\/\/ufpr.pecca.com.br\/pos-graduacao-lato-sensu-em-fitossanidade\/<\/a>).<\/p>\n\n\n\n<p>O objetivo do curso de especializa\u00e7\u00e3o \u00e9 qualificar profissionais na \u00e1rea de Fitossanidade para uma agricultura moderna, sustent\u00e1vel e economicamente vi\u00e1vel. Por meio do curso, pretende-se promover a atualiza\u00e7\u00e3o e aplica\u00e7\u00e3o dos conhecimentos t\u00e9cnicos relativos \u00e0 legisla\u00e7\u00e3o fitossanit\u00e1ria, tecnologia de aplica\u00e7\u00e3o de produtos qu\u00edmicos e biol\u00f3gicos, planejamento experimental, fitopatologia, entomologia e matologia. Tamb\u00e9m pretende consolidar a prote\u00e7\u00e3o de plantas frente a t\u00e9cnicas agr\u00edcolas sustent\u00e1veis, visando a conserva\u00e7\u00e3o e melhoria do ambiente de produ\u00e7\u00e3o. Idealizado por docentes de diferentes \u00e1reas, o curso ser\u00e1 ofertado na modalidade de ensino a dist\u00e2ncia (EAD), seguindo modelo semipresencial dividido em dois m\u00f3dulos. Cada m\u00f3dulo ter\u00e1 sete disciplinas, ofertadas \u00e0 dist\u00e2ncia. Ao final de cada m\u00f3dulo, ser\u00e1 realizado o encontro presencial, com participa\u00e7\u00e3o obrigat\u00f3ria.<\/p>\n\n\n\n<p>O corpo docente \u00e9 formado por professores de diferentes \u00e1reas de atua\u00e7\u00e3o: UFPR, Empresa de Pesquisa Agropecu\u00e1ria e Extens\u00e3o Rural de Santa Catarina (EPAGRI), Universidade Estadual do Norte do Paran\u00e1 (UENP), Universidade Tecnol\u00f3gica Federal do Paran\u00e1 (UTFPR) e Universidade Federal de Pelotas (UFPel). O curso de P\u00f3s-Gradua\u00e7\u00e3o Lato Sensu em Fitossanidade \u00e9 ofertado pelo Programa de Educa\u00e7\u00e3o Continuada em Ci\u00eancias Agr\u00e1rias (PECCA) da UFPR.<\/p>\n\n\n\n<p><strong>Informa\u00e7\u00f5es gerais:<\/strong><\/p>\n\n\n\n<p><strong>Previs\u00e3o de abertura<\/strong>: mar\u00e7o\/2026<br><strong>Dura\u00e7\u00e3o<\/strong>: 24 meses<br><strong>Carga hor\u00e1ria:<\/strong> 795 horas<br><strong>Formato das aulas:<\/strong> V\u00eddeo aulas gravadas e ao menos duas aulas s\u00edncronas (palestras e esclarecimentos de d\u00favidas) por disciplina, com dois encontros presenciais obrigat\u00f3rios.<br><strong>Investimento:<\/strong> 12 parcelas de R$ 500,00 (quinhentos reais). Desconto de 10% para pagamentos \u00e0 vista.<\/p>\n\n\n\n<p>Mais informa\u00e7\u00f5es sobre o curso est\u00e3o no site <a href=\"https:\/\/agrarias.ufpr.br\/pglsf\/\">https:\/\/agrarias.ufpr.br\/pglsf\/<\/a><\/p>\n\n\n\n<p><strong>Aproveite e acompanhe nossas redes sociais:<\/strong><\/p>\n\n\n\n<p><strong>Instagram:<\/strong> <a href=\"https:\/\/www.instagram.com\/latosensufitossanidadeufpr\/\" target=\"_blank\" rel=\"noopener\">@latosensufitossanidadeufpr<\/a>\/<a href=\"https:\/\/www.instagram.com\/peccaufpr\/\" target=\"_blank\" rel=\"noopener\">@peccaufpr<\/a><\/p>\n\n\n\n<p><strong>Facebook:<\/strong> <a href=\"www.facebook.com\/peccaufpr\/\" target=\"_blank\" rel=\"noopener\">www.facebook.com\/peccaufpr\/<\/a><\/p>\n\n\n\n<p><strong>Linkedin:<\/strong> <a href=\"http:\/\/www.linkedin.com\/in\/pecca-ufpr\/\">www.linkedin.com\/in\/pecca-ufpr\/<\/a> e <a href=\"https:\/\/www.linkedin.com\/in\/henrique-da-silva-silveira-duarte-b7663822\/\">https:\/\/www.linkedin.com\/in\/henrique-da-silva-silveira-duarte-b7663822\/<\/a><\/p>\n\n\n\n<p><strong>Site:<\/strong> <a href=\"http:\/\/ufpr.pecca.com.br\/\" target=\"_blank\" rel=\"noopener\">http:\/\/ufpr.pecca.com.br\/<\/a><\/p>\n\n\n\n<p><strong>Telefone:<\/strong> (41) 99218-2624 (WhatsApp)<\/p>\n","protected":false},"excerpt":{"rendered":"<p>Venha se tornar especialista em Fitossanidade pela UFPR! Esta \u00e9 uma \u00f3tima oportunidade para graduados e para quem est\u00e1 se formando. O curso pode ser feito concomitante com a gradua\u00e7\u00e3o, podendo ser apresentado o diploma da gradua\u00e7\u00e3o apenas ao final do curso de p\u00f3s-gradua\u00e7\u00e3o. A qualifica\u00e7\u00e3o de profissionais na \u00e1rea de fitossanidade \u00e9 uma necessidade [&hellip;]<\/p>\n","protected":false},"author":10266,"featured_media":0,"comment_status":"closed","ping_status":"closed","sticky":false,"template":"","format":"standard","meta":{"footnotes":""},"categories":[1],"tags":[],"class_list":["post-9862","post","type-post","status-publish","format-standard","hentry","category-sem-categoria"],"_links":{"self":[{"href":"https:\/\/agrarias.ufpr.br\/pglsf\/wp-json\/wp\/v2\/posts\/9862","targetHints":{"allow":["GET"]}}],"collection":[{"href":"https:\/\/agrarias.ufpr.br\/pglsf\/wp-json\/wp\/v2\/posts"}],"about":[{"href":"https:\/\/agrarias.ufpr.br\/pglsf\/wp-json\/wp\/v2\/types\/post"}],"author":[{"embeddable":true,"href":"https:\/\/agrarias.ufpr.br\/pglsf\/wp-json\/wp\/v2\/users\/10266"}],"replies":[{"embeddable":true,"href":"https:\/\/agrarias.ufpr.br\/pglsf\/wp-json\/wp\/v2\/comments?post=9862"}],"version-history":[{"count":3,"href":"https:\/\/agrarias.ufpr.br\/pglsf\/wp-json\/wp\/v2\/posts\/9862\/revisions"}],"predecessor-version":[{"id":10620,"href":"https:\/\/agrarias.ufpr.br\/pglsf\/wp-json\/wp\/v2\/posts\/9862\/revisions\/10620"}],"wp:attachment":[{"href":"https:\/\/agrarias.ufpr.br\/pglsf\/wp-json\/wp\/v2\/media?parent=9862"}],"wp:term":[{"taxonomy":"category","embeddable":true,"href":"https:\/\/agrarias.ufpr.br\/pglsf\/wp-json\/wp\/v2\/categories?post=9862"},{"taxonomy":"post_tag","embeddable":true,"href":"https:\/\/agrarias.ufpr.br\/pglsf\/wp-json\/wp\/v2\/tags?post=9862"}],"curies":[{"name":"wp","href":"https:\/\/api.w.org\/{rel}","templated":true}]}}