{"id":8706,"date":"2026-08-19T12:19:44","date_gmt":"2026-08-19T12:19:44","guid":{"rendered":"https:\/\/agrarias.ufpr.br\/pgapv\/?p=8706"},"modified":"2026-08-19T12:19:44","modified_gmt":"2026-08-19T12:19:44","slug":"grade-horaria-2o-semestre-2026","status":"publish","type":"post","link":"https:\/\/agrarias.ufpr.br\/pgapv\/grade-horaria-2o-semestre-2026\/","title":{"rendered":"Grade Hor\u00e1ria 2\u00ba semestre\/2026"},"content":{"rendered":"<p><a href=\"https:\/\/agrarias.ufpr.br\/pgapv\/grade-horaria\/\">Grade hor\u00e1ria<\/a><\/p>\n<p>In\u00edcio em 17\/08\/2026<\/p>\n<p>2\u00ba semestre\/2026 as disciplinas s\u00e3o ofertadas de forma concentrada (por m\u00f3dulos)<\/p>\n<p>As matr\u00edculas dever\u00e3o ocorrer at\u00e9 05 (cinco) dias antes do in\u00edcio do primeiro m\u00f3dulo a da disciplina solicitada<\/p>\n<p>&nbsp;<\/p>\n","protected":false},"excerpt":{"rendered":"<p>Grade hor\u00e1ria In\u00edcio em 17\/08\/2026 2\u00ba semestre\/2026 as disciplinas s\u00e3o ofertadas de forma concentrada (por m\u00f3dulos) As matr\u00edculas dever\u00e3o ocorrer at\u00e9 05 (cinco) dias antes do in\u00edcio do primeiro m\u00f3dulo a da disciplina solicitada &nbsp;<\/p>\n","protected":false},"author":10303,"featured_media":0,"comment_status":"open","ping_status":"open","sticky":false,"template":"","format":"standard","meta":{"footnotes":""},"categories":[1],"tags":[],"class_list":["post-8706","post","type-post","status-publish","format-standard","hentry","category-sem-categoria"],"_links":{"self":[{"href":"https:\/\/agrarias.ufpr.br\/pgapv\/wp-json\/wp\/v2\/posts\/8706","targetHints":{"allow":["GET"]}}],"collection":[{"href":"https:\/\/agrarias.ufpr.br\/pgapv\/wp-json\/wp\/v2\/posts"}],"about":[{"href":"https:\/\/agrarias.ufpr.br\/pgapv\/wp-json\/wp\/v2\/types\/post"}],"author":[{"embeddable":true,"href":"https:\/\/agrarias.ufpr.br\/pgapv\/wp-json\/wp\/v2\/users\/10303"}],"replies":[{"embeddable":true,"href":"https:\/\/agrarias.ufpr.br\/pgapv\/wp-json\/wp\/v2\/comments?post=8706"}],"version-history":[{"count":2,"href":"https:\/\/agrarias.ufpr.br\/pgapv\/wp-json\/wp\/v2\/posts\/8706\/revisions"}],"predecessor-version":[{"id":8708,"href":"https:\/\/agrarias.ufpr.br\/pgapv\/wp-json\/wp\/v2\/posts\/8706\/revisions\/8708"}],"wp:attachment":[{"href":"https:\/\/agrarias.ufpr.br\/pgapv\/wp-json\/wp\/v2\/media?parent=8706"}],"wp:term":[{"taxonomy":"category","embeddable":true,"href":"https:\/\/agrarias.ufpr.br\/pgapv\/wp-json\/wp\/v2\/categories?post=8706"},{"taxonomy":"post_tag","embeddable":true,"href":"https:\/\/agrarias.ufpr.br\/pgapv\/wp-json\/wp\/v2\/tags?post=8706"}],"curies":[{"name":"wp","href":"https:\/\/api.w.org\/{rel}","templated":true}]}}