{"id":7790,"date":"2026-02-26T13:01:32","date_gmt":"2026-02-26T13:01:32","guid":{"rendered":"https:\/\/agrarias.ufpr.br\/pgapv\/?post_type=noticias&#038;p=7790"},"modified":"2026-04-06T14:52:41","modified_gmt":"2026-04-06T14:52:41","slug":"teste-de-suficiencia-em-lingua-estrangeira-moderna-edicao-2026","status":"publish","type":"post","link":"https:\/\/agrarias.ufpr.br\/pgapv\/teste-de-suficiencia-em-lingua-estrangeira-moderna-edicao-2026\/","title":{"rendered":"Teste de Sufici\u00eancia em L\u00edngua Estrangeira Moderna \u2013 Edi\u00e7\u00e3o 2026."},"content":{"rendered":"<p class=\"x_elementToProof\"><span data-olk-copy-source=\"MessageBody\">Informamos que o N\u00facleo de Concursos iniciou os procedimentos para a realiza\u00e7\u00e3o do <b>Teste de Sufici\u00eancia em L\u00edngua Estrangeira Moderna \u2013 Edi\u00e7\u00e3o 2026<\/b>.<\/span><\/p>\n<p class=\"x_elementToProof\">Conforme cronograma preliminar divulgado pelo NC, est\u00e3o previstas as seguintes datas:<\/p>\n<p class=\"x_elementToProof\">I \u2013 Per\u00edodo de inscri\u00e7\u00f5es: de <b>16\/03\/2026 a 14\/04\/2026<\/b>;<br \/>\nII \u2013 Data de aplica\u00e7\u00e3o da prova: <b>14\/06\/2026<\/b>.<\/p>\n<p class=\"x_elementToProof\">O edital ser\u00e1 publicado em 16\/03\/2026, no Portal do N\u00facleo de Concursos, dispon\u00edvel em:<br \/>\n<a id=\"OWA3364a888-9cd0-ba1e-bf79-a31b2d954215\" class=\"x_OWAAutoLink\" title=\"https:\/\/servicos.nc.ufpr.br\/PortalNC\/Home\" href=\"https:\/\/servicos.nc.ufpr.br\/PortalNC\/Home\" target=\"_blank\" rel=\"noopener noreferrer\" data-auth=\"NotApplicable\" data-linkindex=\"0\">https:\/\/servicos.nc.ufpr.br\/PortalNC\/Home<\/a><\/p>\n","protected":false},"excerpt":{"rendered":"<p>Informamos que o N\u00facleo de Concursos iniciou os procedimentos para a realiza\u00e7\u00e3o do Teste de Sufici\u00eancia em L\u00edngua Estrangeira Moderna \u2013 Edi\u00e7\u00e3o 2026. Conforme cronograma preliminar divulgado pelo NC, est\u00e3o previstas as seguintes datas: I \u2013 Per\u00edodo de inscri\u00e7\u00f5es: de 16\/03\/2026 a 14\/04\/2026; II \u2013 Data de aplica\u00e7\u00e3o da prova: 14\/06\/2026. O edital ser\u00e1 publicado [&hellip;]<\/p>\n","protected":false},"author":10303,"featured_media":0,"comment_status":"closed","ping_status":"open","sticky":false,"template":"","format":"standard","meta":{"footnotes":""},"categories":[],"tags":[],"class_list":["post-7790","post","type-post","status-publish","format-standard","hentry"],"_links":{"self":[{"href":"https:\/\/agrarias.ufpr.br\/pgapv\/wp-json\/wp\/v2\/posts\/7790","targetHints":{"allow":["GET"]}}],"collection":[{"href":"https:\/\/agrarias.ufpr.br\/pgapv\/wp-json\/wp\/v2\/posts"}],"about":[{"href":"https:\/\/agrarias.ufpr.br\/pgapv\/wp-json\/wp\/v2\/types\/post"}],"author":[{"embeddable":true,"href":"https:\/\/agrarias.ufpr.br\/pgapv\/wp-json\/wp\/v2\/users\/10303"}],"replies":[{"embeddable":true,"href":"https:\/\/agrarias.ufpr.br\/pgapv\/wp-json\/wp\/v2\/comments?post=7790"}],"version-history":[{"count":1,"href":"https:\/\/agrarias.ufpr.br\/pgapv\/wp-json\/wp\/v2\/posts\/7790\/revisions"}],"predecessor-version":[{"id":7993,"href":"https:\/\/agrarias.ufpr.br\/pgapv\/wp-json\/wp\/v2\/posts\/7790\/revisions\/7993"}],"wp:attachment":[{"href":"https:\/\/agrarias.ufpr.br\/pgapv\/wp-json\/wp\/v2\/media?parent=7790"}],"wp:term":[{"taxonomy":"category","embeddable":true,"href":"https:\/\/agrarias.ufpr.br\/pgapv\/wp-json\/wp\/v2\/categories?post=7790"},{"taxonomy":"post_tag","embeddable":true,"href":"https:\/\/agrarias.ufpr.br\/pgapv\/wp-json\/wp\/v2\/tags?post=7790"}],"curies":[{"name":"wp","href":"https:\/\/api.w.org\/{rel}","templated":true}]}}