{"id":7535,"date":"2026-01-29T11:34:50","date_gmt":"2026-01-29T11:34:50","guid":{"rendered":"https:\/\/agrarias.ufpr.br\/pgapv\/?post_type=eventos&#038;p=7535"},"modified":"2026-04-06T14:48:31","modified_gmt":"2026-04-06T14:48:31","slug":"03-03-2026-defesa-de-tese-de-suelen-caroline-dos-santos-da-luz","status":"publish","type":"post","link":"https:\/\/agrarias.ufpr.br\/pgapv\/03-03-2026-defesa-de-tese-de-suelen-caroline-dos-santos-da-luz\/","title":{"rendered":"03\/03\/2026 &#8211; Defesa de Tese de Suelen Caroline dos Santos da Luz"},"content":{"rendered":"<p><strong><b>T\u00edtulo:<\/b><\/strong>\u00a0PROPAGA\u00c7\u00c3O VEGETATIVA DE <em><i>Ocotea odorifera<\/i><\/em>\u00a0(Vell.) Rohwer, POR MEIO DAS T\u00c9CNICAS DE MINIESTAQUIA E MICROPROPAGA\u00c7\u00c3O<\/p>\n<p><strong><b>Doutoranda:<\/b><\/strong>\u00a0SUELEN CAROLINE DOS SANTOS DA LUZ<\/p>\n<p><strong><b>Banca Examinadora:<\/b><\/strong><br \/>\nDra. KATIA CHRISTINA ZUFFELLATO RIBAS (UFPR) (Presidente da Banca Examinadora)<br \/>\nDr. ANTONIO APARECIDO CARPANEZZI (EMBRAPA)<br \/>\nDra. GIOVANA BOMFIM DE ALCANTARA (UFPR\/ENG. FLORESTAL)<br \/>\nDr. HENRIQUE SOARES KOEHLER (UFPR)<br \/>\nDr. DANIEL FERNANDES DA SILVA (UFPR)<\/p>\n<p><strong><b>Data:<\/b><\/strong>\u00a003\/03\/2026<\/p>\n<p><strong><b>Hor\u00e1rio:<\/b><\/strong>\u00a013:30 hs<\/p>\n<p><strong><b>Local:<\/b><\/strong>\u00a0AG\/DEPARTAMENTO DE FITOTECNIA E FITOSSANIDADE<\/p>\n<p><strong><b>Sala:<\/b><\/strong>\u00a0AG\/DFF\/ANFITEATRO DO PGAPV<\/p>\n","protected":false},"excerpt":{"rendered":"<p>T\u00edtulo:\u00a0PROPAGA\u00c7\u00c3O VEGETATIVA DE Ocotea odorifera\u00a0(Vell.) Rohwer, POR MEIO DAS T\u00c9CNICAS DE MINIESTAQUIA E MICROPROPAGA\u00c7\u00c3O Doutoranda:\u00a0SUELEN CAROLINE DOS SANTOS DA LUZ Banca Examinadora: Dra. KATIA CHRISTINA ZUFFELLATO RIBAS (UFPR) (Presidente da Banca Examinadora) Dr. ANTONIO APARECIDO CARPANEZZI (EMBRAPA) Dra. GIOVANA BOMFIM DE ALCANTARA (UFPR\/ENG. FLORESTAL) Dr. HENRIQUE SOARES KOEHLER (UFPR) Dr. DANIEL FERNANDES DA SILVA (UFPR) [&hellip;]<\/p>\n","protected":false},"author":10303,"featured_media":0,"comment_status":"closed","ping_status":"open","sticky":false,"template":"","format":"standard","meta":{"footnotes":""},"categories":[15],"tags":[],"class_list":["post-7535","post","type-post","status-publish","format-standard","hentry","category-eventos"],"_links":{"self":[{"href":"https:\/\/agrarias.ufpr.br\/pgapv\/wp-json\/wp\/v2\/posts\/7535","targetHints":{"allow":["GET"]}}],"collection":[{"href":"https:\/\/agrarias.ufpr.br\/pgapv\/wp-json\/wp\/v2\/posts"}],"about":[{"href":"https:\/\/agrarias.ufpr.br\/pgapv\/wp-json\/wp\/v2\/types\/post"}],"author":[{"embeddable":true,"href":"https:\/\/agrarias.ufpr.br\/pgapv\/wp-json\/wp\/v2\/users\/10303"}],"replies":[{"embeddable":true,"href":"https:\/\/agrarias.ufpr.br\/pgapv\/wp-json\/wp\/v2\/comments?post=7535"}],"version-history":[{"count":1,"href":"https:\/\/agrarias.ufpr.br\/pgapv\/wp-json\/wp\/v2\/posts\/7535\/revisions"}],"predecessor-version":[{"id":7976,"href":"https:\/\/agrarias.ufpr.br\/pgapv\/wp-json\/wp\/v2\/posts\/7535\/revisions\/7976"}],"wp:attachment":[{"href":"https:\/\/agrarias.ufpr.br\/pgapv\/wp-json\/wp\/v2\/media?parent=7535"}],"wp:term":[{"taxonomy":"category","embeddable":true,"href":"https:\/\/agrarias.ufpr.br\/pgapv\/wp-json\/wp\/v2\/categories?post=7535"},{"taxonomy":"post_tag","embeddable":true,"href":"https:\/\/agrarias.ufpr.br\/pgapv\/wp-json\/wp\/v2\/tags?post=7535"}],"curies":[{"name":"wp","href":"https:\/\/api.w.org\/{rel}","templated":true}]}}