{"id":7368,"date":"2025-10-22T19:10:26","date_gmt":"2025-10-22T19:10:26","guid":{"rendered":"https:\/\/agrarias.ufpr.br\/pgapv\/?post_type=noticias&#038;p=7368"},"modified":"2026-04-06T14:52:42","modified_gmt":"2026-04-06T14:52:42","slug":"edital-023-2025-selecao-mestrado-doutorado-1o-semestre-2026","status":"publish","type":"post","link":"https:\/\/agrarias.ufpr.br\/pgapv\/edital-023-2025-selecao-mestrado-doutorado-1o-semestre-2026\/","title":{"rendered":"Edital 023\/2025 &#8211; Sele\u00e7\u00e3o Mestrado\/Doutorado &#8211; 1\u00ba semestre\/2026"},"content":{"rendered":"<p><a href=\"https:\/\/agrarias.ufpr.br\/pgapv\/mestrado-doutorado\/\">Edital 023\/2025<\/a> &#8211; Sele\u00e7\u00e3o Mestrado\/Doutorado &#8211; 1\u00ba semestre\/2026<\/p>\n<p>Inscri\u00e7\u00e3o de 22 de outubro de 2025 a at\u00e9 \u00e0s 23h59m do dia 1\u00ba de fevereiro de 2026<\/p>\n<p>&nbsp;<\/p>\n","protected":false},"excerpt":{"rendered":"<p>Edital 023\/2025 &#8211; Sele\u00e7\u00e3o Mestrado\/Doutorado &#8211; 1\u00ba semestre\/2026 Inscri\u00e7\u00e3o de 22 de outubro de 2025 a at\u00e9 \u00e0s 23h59m do dia 1\u00ba de fevereiro de 2026 &nbsp;<\/p>\n","protected":false},"author":10303,"featured_media":0,"comment_status":"closed","ping_status":"open","sticky":false,"template":"","format":"standard","meta":{"footnotes":""},"categories":[],"tags":[],"class_list":["post-7368","post","type-post","status-publish","format-standard","hentry"],"_links":{"self":[{"href":"https:\/\/agrarias.ufpr.br\/pgapv\/wp-json\/wp\/v2\/posts\/7368","targetHints":{"allow":["GET"]}}],"collection":[{"href":"https:\/\/agrarias.ufpr.br\/pgapv\/wp-json\/wp\/v2\/posts"}],"about":[{"href":"https:\/\/agrarias.ufpr.br\/pgapv\/wp-json\/wp\/v2\/types\/post"}],"author":[{"embeddable":true,"href":"https:\/\/agrarias.ufpr.br\/pgapv\/wp-json\/wp\/v2\/users\/10303"}],"replies":[{"embeddable":true,"href":"https:\/\/agrarias.ufpr.br\/pgapv\/wp-json\/wp\/v2\/comments?post=7368"}],"version-history":[{"count":1,"href":"https:\/\/agrarias.ufpr.br\/pgapv\/wp-json\/wp\/v2\/posts\/7368\/revisions"}],"predecessor-version":[{"id":8006,"href":"https:\/\/agrarias.ufpr.br\/pgapv\/wp-json\/wp\/v2\/posts\/7368\/revisions\/8006"}],"wp:attachment":[{"href":"https:\/\/agrarias.ufpr.br\/pgapv\/wp-json\/wp\/v2\/media?parent=7368"}],"wp:term":[{"taxonomy":"category","embeddable":true,"href":"https:\/\/agrarias.ufpr.br\/pgapv\/wp-json\/wp\/v2\/categories?post=7368"},{"taxonomy":"post_tag","embeddable":true,"href":"https:\/\/agrarias.ufpr.br\/pgapv\/wp-json\/wp\/v2\/tags?post=7368"}],"curies":[{"name":"wp","href":"https:\/\/api.w.org\/{rel}","templated":true}]}}