{"id":6031,"date":"2022-05-17T16:44:31","date_gmt":"2022-05-17T16:44:31","guid":{"rendered":"https:\/\/agrarias.ufpr.br\/litez\/?post_type=noticias&#038;p=6031"},"modified":"2026-03-20T15:33:06","modified_gmt":"2026-03-20T18:33:06","slug":"defesa-de-tcc-milena-coutinho-franco","status":"publish","type":"post","link":"https:\/\/agrarias.ufpr.br\/litez\/2022\/05\/17\/defesa-de-tcc-milena-coutinho-franco\/","title":{"rendered":"Defesa de TCC &#8211; MILENA COUTINHO FRANCO"},"content":{"rendered":"<table style=\"height: 245px;width: 100.76373135597801%;border-collapse: collapse;border-color: #68de86;background-color: #ffffff\" border=\"3\">\n<tbody>\n<tr style=\"height: 265px\">\n<td style=\"width: 899.875px;height: 245px\">\n<table style=\"border-style: dotted;width: 98.55146169354839%;height: 10px\" border=\"0\">\n<tbody>\n<tr style=\"height: 24px\">\n<td style=\"width: 26.47125814993025%;height: 10px\"><img loading=\"lazy\" decoding=\"async\" class=\"alignleft wp-image-6032 size-medium\" src=\"https:\/\/agrarias.ufpr.br\/litez\/wp-content\/uploads\/sites\/35\/2022\/05\/WhatsApp-Image-2022-05-17-at-13.27.40-300x260.jpeg\" alt=\"\" width=\"300\" height=\"260\" srcset=\"https:\/\/agrarias.ufpr.br\/litez\/wp-content\/uploads\/sites\/35\/2022\/05\/WhatsApp-Image-2022-05-17-at-13.27.40-300x260.jpeg 300w, https:\/\/agrarias.ufpr.br\/litez\/wp-content\/uploads\/sites\/35\/2022\/05\/WhatsApp-Image-2022-05-17-at-13.27.40-768x665.jpeg 768w, https:\/\/agrarias.ufpr.br\/litez\/wp-content\/uploads\/sites\/35\/2022\/05\/WhatsApp-Image-2022-05-17-at-13.27.40-250x216.jpeg 250w, https:\/\/agrarias.ufpr.br\/litez\/wp-content\/uploads\/sites\/35\/2022\/05\/WhatsApp-Image-2022-05-17-at-13.27.40-139x120.jpeg 139w, https:\/\/agrarias.ufpr.br\/litez\/wp-content\/uploads\/sites\/35\/2022\/05\/WhatsApp-Image-2022-05-17-at-13.27.40.jpeg 857w\" sizes=\"auto, (max-width: 300px) 100vw, 300px\" \/><img loading=\"lazy\" decoding=\"async\" class=\"alignleft size-medium wp-image-5993\" src=\"https:\/\/agrarias.ufpr.br\/litez\/wp-content\/uploads\/sites\/35\/2022\/03\/IMG_9993.jpg\" alt=\"\" width=\"1\" height=\"1\"><img loading=\"lazy\" decoding=\"async\" class=\"alignleft size-medium wp-image-5994\" src=\"https:\/\/agrarias.ufpr.br\/litez\/wp-content\/uploads\/sites\/35\/2022\/03\/IMG_9993-1.jpg\" alt=\"\" width=\"1\" height=\"1\"><\/td>\n<td style=\"width: 120.23855846279899%;height: 10px\">Defesa de Trabalho de Conclus\u00e3o de Curso da acad\u00eamica <span style=\"color: #339966\"><a style=\"color: #339966\" title=\"Milena Franco Coutinho\" href=\"http:\/\/lattes.cnpq.br\/3493648108183712\" target=\"_blank\" rel=\"noopener\">Milena Coutinho Franco<\/a><\/span> junto ao Departamento de Zootecnia da Universidade Federal do Paran\u00e1.<\/td>\n<\/tr>\n<\/tbody>\n<\/table>\n<div class=\"page\" title=\"Page 1\">\n<div class=\"page\" title=\"Page 1\">\n<div class=\"page\" title=\"Page 1\">\n<div class=\"section\">\n<div class=\"layoutArea\">\n<div class=\"column\">\n<div class=\"page\" title=\"Page 1\">\n<div class=\"layoutArea\">\n<div class=\"column\">\n<p>Em maio deste ano (2022), a acad\u00eamica <span style=\"color: #339966\"><a style=\"color: #339966\" title=\"Milena Franco Coutinho\" href=\"http:\/\/lattes.cnpq.br\/3493648108183712\" target=\"_blank\" rel=\"noopener\">Milena Coutinho Franco<\/a><\/span> defendeu seu Trabalho de Conclus\u00e3o de Curso intitulado como &#8221;&nbsp;Controle de qualidade de mat\u00e9rias primas na alimenta\u00e7\u00e3o animal no Brasil&#8221; <span style=\"font-family: inherit;font-size: inherit\">sob orientac\u0327a\u0303o dos Prof. Dr. Marcos Martinez do Vale&nbsp;<\/span><span style=\"font-family: inherit;font-size: inherit\">como requisito parcial a\u0300 obtenc\u0327a\u0303o do ti\u0301tulo de Bacharel em Zootecnia junto a Universidade Federal do Paran\u00e1. A Banca Examinadora foi composta pela Profa. Dra.&nbsp;<\/span><span style=\"font-family: inherit;font-size: inherit\">Simone Gisele Oliveira (<\/span><span style=\"font-family: inherit;font-size: inherit\">Departamento de Zootecnia &#8211; UFPR) e Prof. Dr. Alex&nbsp;<\/span>Maioria <span style=\"font-family: inherit;font-size: inherit\">(<\/span><span style=\"font-family: inherit;font-size: inherit\">Departamento de Zootecnia &#8211; UFPR).<\/span><\/p>\n<\/div>\n<\/div>\n<\/div>\n<\/div>\n<\/div>\n<\/div>\n<\/div>\n<\/div>\n<\/div>\n<\/td>\n<\/tr>\n<\/tbody>\n<\/table>\n","protected":false},"excerpt":{"rendered":"<p>Defesa de Trabalho de Conclus\u00e3o de Curso da acad\u00eamica Milena Coutinho Franco junto ao Departamento de Zootecnia da Universidade Federal do Paran\u00e1. Em maio deste ano (2022), a acad\u00eamica Milena Coutinho Franco defendeu seu Trabalho de Conclus\u00e3o de Curso intitulado como &#8221;&nbsp;Controle de qualidade de mat\u00e9rias primas na alimenta\u00e7\u00e3o animal no Brasil&#8221; sob orientac\u0327a\u0303o dos [&hellip;]<\/p>\n","protected":false},"author":10259,"featured_media":0,"comment_status":"closed","ping_status":"open","sticky":false,"template":"","format":"standard","meta":{"footnotes":""},"categories":[],"tags":[],"class_list":["post-6031","post","type-post","status-publish","format-standard","hentry"],"_links":{"self":[{"href":"https:\/\/agrarias.ufpr.br\/litez\/wp-json\/wp\/v2\/posts\/6031","targetHints":{"allow":["GET"]}}],"collection":[{"href":"https:\/\/agrarias.ufpr.br\/litez\/wp-json\/wp\/v2\/posts"}],"about":[{"href":"https:\/\/agrarias.ufpr.br\/litez\/wp-json\/wp\/v2\/types\/post"}],"author":[{"embeddable":true,"href":"https:\/\/agrarias.ufpr.br\/litez\/wp-json\/wp\/v2\/users\/10259"}],"replies":[{"embeddable":true,"href":"https:\/\/agrarias.ufpr.br\/litez\/wp-json\/wp\/v2\/comments?post=6031"}],"version-history":[{"count":2,"href":"https:\/\/agrarias.ufpr.br\/litez\/wp-json\/wp\/v2\/posts\/6031\/revisions"}],"predecessor-version":[{"id":6138,"href":"https:\/\/agrarias.ufpr.br\/litez\/wp-json\/wp\/v2\/posts\/6031\/revisions\/6138"}],"wp:attachment":[{"href":"https:\/\/agrarias.ufpr.br\/litez\/wp-json\/wp\/v2\/media?parent=6031"}],"wp:term":[{"taxonomy":"category","embeddable":true,"href":"https:\/\/agrarias.ufpr.br\/litez\/wp-json\/wp\/v2\/categories?post=6031"},{"taxonomy":"post_tag","embeddable":true,"href":"https:\/\/agrarias.ufpr.br\/litez\/wp-json\/wp\/v2\/tags?post=6031"}],"curies":[{"name":"wp","href":"https:\/\/api.w.org\/{rel}","templated":true}]}}