{"id":5838,"date":"2021-05-15T17:41:09","date_gmt":"2021-05-15T17:41:09","guid":{"rendered":"https:\/\/agrarias.ufpr.br\/litez\/?post_type=noticias&#038;p=5838"},"modified":"2026-03-20T15:33:07","modified_gmt":"2026-03-20T18:33:07","slug":"socialh-pacote-do-software-r-para-a-analise-e-determinacao-de-dominancia-social-de-animais-gregarios","status":"publish","type":"post","link":"https:\/\/agrarias.ufpr.br\/litez\/2021\/05\/15\/socialh-pacote-do-software-r-para-a-analise-e-determinacao-de-dominancia-social-de-animais-gregarios\/","title":{"rendered":"socialh pacote do software R para a an\u00e1lise e determina\u00e7\u00e3o de domin\u00e2ncia social de animais greg\u00e1rios"},"content":{"rendered":"<table style=\"height: 245px;width: 100.76373135597801%;border-collapse: collapse;border-color: #68de86;background-color: #ffffff\" border=\"3\">\n<tbody>\n<tr style=\"height: 265px\">\n<td style=\"width: 914.984375px;height: 245px\">\n<table style=\"border-style: dotted\" border=\"0\">\n<tbody>\n<tr style=\"height: 24px\">\n<td style=\"width: 222px;height: 10px\"><img loading=\"lazy\" decoding=\"async\" class=\"alignleft wp-image-5839 size-medium\" src=\"https:\/\/agrarias.ufpr.br\/litez\/wp-content\/uploads\/sites\/35\/2021\/05\/1568294380589-300x233.png\" alt=\"\" width=\"300\" height=\"233\" srcset=\"https:\/\/agrarias.ufpr.br\/litez\/wp-content\/uploads\/sites\/35\/2021\/05\/1568294380589-300x233.png 300w, https:\/\/agrarias.ufpr.br\/litez\/wp-content\/uploads\/sites\/35\/2021\/05\/1568294380589-768x595.png 768w, https:\/\/agrarias.ufpr.br\/litez\/wp-content\/uploads\/sites\/35\/2021\/05\/1568294380589-250x194.png 250w, https:\/\/agrarias.ufpr.br\/litez\/wp-content\/uploads\/sites\/35\/2021\/05\/1568294380589-155x120.png 155w, https:\/\/agrarias.ufpr.br\/litez\/wp-content\/uploads\/sites\/35\/2021\/05\/1568294380589.png 929w\" sizes=\"auto, (max-width: 300px) 100vw, 300px\" \/><\/td>\n<td style=\"width: 692px;height: 10px\">A aluna de mestrado Julia P.S. Valente do Laborat\u00f3rio de Gen\u00e9tica Aplicada ao Melhoramento Animal (GAMA-UFPR) em parceria com os alunos de doutorado do LITEZ, Matheus Deniz e Karolini T. de Sousa desenvolveram um pacote para a an\u00e1lise e determina\u00e7\u00e3o de domin\u00e2ncia social que est\u00e1 dispon\u00edvel no <span style=\"color: #339966\"><a style=\"color: #339966\" href=\"https:\/\/cran.r-project.org\/web\/packages\/socialh\/index.html\" target=\"_blank\" rel=\"noopener\">CRAN<\/a><\/span>&nbsp;do software R.<\/td>\n<\/tr>\n<\/tbody>\n<\/table>\n<div class=\"page\" title=\"Page 1\">\n<div class=\"page\" title=\"Page 1\">\n<div class=\"section\">\n<div class=\"layoutArea\">\n<div class=\"column\">\n<p>O pacote &#8220;socialh&#8221; \u00e9 uma ferramenta desenvolvida para identificar e determinar o n\u00famero de intera\u00e7\u00f5es agon\u00edsticas entre indiv\u00edduos de um rebanho a partir de dados obtidos atrav\u00e9s de alimentadores e\/ou bebedouros eletr\u00f4nicas. Al\u00e9m disso, o socialh foi desenvolvido para facilitar a determina\u00e7\u00e3o de matriz sociom\u00e9trica e di\u00e1dica para o estabelecimento da classifica\u00e7\u00e3o e hierarquia social de animais greg\u00e1rios pelo m\u00e9todo proposto por&nbsp;Kondo &amp; Hurnik (1990).<\/p>\n<\/div>\n<\/div>\n<\/div>\n<\/div>\n<\/div>\n<\/td>\n<\/tr>\n<\/tbody>\n<\/table>\n","protected":false},"excerpt":{"rendered":"<p>A aluna de mestrado Julia P.S. Valente do Laborat\u00f3rio de Gen\u00e9tica Aplicada ao Melhoramento Animal (GAMA-UFPR) em parceria com os alunos de doutorado do LITEZ, Matheus Deniz e Karolini T. de Sousa desenvolveram um pacote para a an\u00e1lise e determina\u00e7\u00e3o de domin\u00e2ncia social que est\u00e1 dispon\u00edvel no CRAN&nbsp;do software R. O pacote &#8220;socialh&#8221; \u00e9 uma [&hellip;]<\/p>\n","protected":false},"author":10259,"featured_media":0,"comment_status":"closed","ping_status":"open","sticky":false,"template":"","format":"standard","meta":{"footnotes":""},"categories":[],"tags":[],"class_list":["post-5838","post","type-post","status-publish","format-standard","hentry"],"_links":{"self":[{"href":"https:\/\/agrarias.ufpr.br\/litez\/wp-json\/wp\/v2\/posts\/5838","targetHints":{"allow":["GET"]}}],"collection":[{"href":"https:\/\/agrarias.ufpr.br\/litez\/wp-json\/wp\/v2\/posts"}],"about":[{"href":"https:\/\/agrarias.ufpr.br\/litez\/wp-json\/wp\/v2\/types\/post"}],"author":[{"embeddable":true,"href":"https:\/\/agrarias.ufpr.br\/litez\/wp-json\/wp\/v2\/users\/10259"}],"replies":[{"embeddable":true,"href":"https:\/\/agrarias.ufpr.br\/litez\/wp-json\/wp\/v2\/comments?post=5838"}],"version-history":[{"count":1,"href":"https:\/\/agrarias.ufpr.br\/litez\/wp-json\/wp\/v2\/posts\/5838\/revisions"}],"predecessor-version":[{"id":6147,"href":"https:\/\/agrarias.ufpr.br\/litez\/wp-json\/wp\/v2\/posts\/5838\/revisions\/6147"}],"wp:attachment":[{"href":"https:\/\/agrarias.ufpr.br\/litez\/wp-json\/wp\/v2\/media?parent=5838"}],"wp:term":[{"taxonomy":"category","embeddable":true,"href":"https:\/\/agrarias.ufpr.br\/litez\/wp-json\/wp\/v2\/categories?post=5838"},{"taxonomy":"post_tag","embeddable":true,"href":"https:\/\/agrarias.ufpr.br\/litez\/wp-json\/wp\/v2\/tags?post=5838"}],"curies":[{"name":"wp","href":"https:\/\/api.w.org\/{rel}","templated":true}]}}