{"id":5826,"date":"2021-04-01T18:56:35","date_gmt":"2021-04-01T18:56:35","guid":{"rendered":"https:\/\/agrarias.ufpr.br\/litez\/?post_type=noticias&#038;p=5826"},"modified":"2026-03-20T15:33:07","modified_gmt":"2026-03-20T18:33:07","slug":"questionario-para-tecnicos-e-extensionistas-da-regiao-sul-do-brasil","status":"publish","type":"post","link":"https:\/\/agrarias.ufpr.br\/litez\/2021\/04\/01\/questionario-para-tecnicos-e-extensionistas-da-regiao-sul-do-brasil\/","title":{"rendered":"Question\u00e1rio para t\u00e9cnicos e extensionistas da regi\u00e3o sul do Brasil"},"content":{"rendered":"<table style=\"height: 245px;width: 100.76373135597801%;border-collapse: collapse;border-color: #68de86;background-color: #ffffff\" border=\"3\">\n<tbody>\n<tr style=\"height: 265px\">\n<td style=\"width: 914.984375px;height: 245px\">\n<table style=\"border-style: dotted\" border=\"0\">\n<tbody>\n<tr style=\"height: 24px\">\n<td style=\"width: 222px;height: 10px\"><img loading=\"lazy\" decoding=\"async\" class=\"alignleft wp-image-5827 size-medium\" title=\"Fonte: Google imagens\" src=\"https:\/\/agrarias.ufpr.br\/litez\/wp-content\/uploads\/sites\/35\/2021\/04\/preencha-o-questionario-300x184.jpg\" alt=\"\" width=\"300\" height=\"184\"><\/td>\n<td style=\"width: 692px;height: 10px\">Estamos buscando difundir o question\u00e1rio entre t\u00e9cnicos e extensionistas rurais que est\u00e3o ligados a <span style=\"color: #339966\"><strong>cadeia de produ\u00e7\u00e3o animal da regi\u00e3o sul do Brasil (SC, PR e RS)<\/strong><\/span>.<\/td>\n<\/tr>\n<\/tbody>\n<\/table>\n<div class=\"page\" title=\"Page 1\">\n<div class=\"page\" title=\"Page 1\">\n<div class=\"section\">\n<div class=\"layoutArea\">\n<div class=\"column\">\n<p>Nosso grupo desenvolveu um question\u00e1rio em parceria com o&nbsp;com o Grupo Multidisciplinar de Ensino, Pesquisa e extens\u00e3o (UFPR) e com o Laborat\u00f3rio de Etologia Aplicada e Bem-Estar animal (LETA &#8211; UFSC)&nbsp;<\/p>\n<p><span style=\"color: #339966\"><strong>Nosso objetivo com esse question\u00e1rio ser\u00e1 compreender as atitudes e conhecimentos de t\u00e9cnicos e extensionistas rurais em rela\u00e7\u00e3o aos diferentes arranjos de sistema silvipastoril.<\/strong><\/span><\/p>\n<p>Os benef\u00edcios esperados com essa pesquisa s\u00e3o estabelecer um di\u00e1logo entre diferentes atores interessados no tema e a constru\u00e7\u00e3o de sistemas de produ\u00e7\u00e3o animal sustent\u00e1veis do ponto de vista econ\u00f4mico, \u00e9tico e social. Al\u00e9m disto, suscitar discuss\u00f5es de temas relevantes relacionados \u00e0 sa\u00fade, bem-estar animal e quest\u00f5es ambientais. Para sociedade, estamos avaliando um t\u00f3pico crescente de preocupa\u00e7\u00e3o com a origem dos produtos e que estes respeitem os limites ecol\u00f3gicos e de bem-estar animal.<\/p>\n<p>Ficaremos muito gratos se puder participar e compartilhar com seus colegas.<\/p>\n<p>Para participar, basta acessar o&nbsp;<span style=\"color: #339966\"><a style=\"color: #339966\" href=\"https:\/\/docs.google.com\/forms\/d\/e\/1FAIpQLScwFBHjTmQY_7eZpZYKLVxCG8RYeE3lLEm59qHcRvB4oHyzLg\/viewform\" target=\"_blank\" rel=\"noopener\">link <\/a><\/span><\/p>\n<\/div>\n<\/div>\n<\/div>\n<\/div>\n<\/div>\n<\/td>\n<\/tr>\n<\/tbody>\n<\/table>\n","protected":false},"excerpt":{"rendered":"<p>Estamos buscando difundir o question\u00e1rio entre t\u00e9cnicos e extensionistas rurais que est\u00e3o ligados a cadeia de produ\u00e7\u00e3o animal da regi\u00e3o sul do Brasil (SC, PR e RS). Nosso grupo desenvolveu um question\u00e1rio em parceria com o&nbsp;com o Grupo Multidisciplinar de Ensino, Pesquisa e extens\u00e3o (UFPR) e com o Laborat\u00f3rio de Etologia Aplicada e Bem-Estar animal [&hellip;]<\/p>\n","protected":false},"author":10259,"featured_media":0,"comment_status":"closed","ping_status":"open","sticky":false,"template":"","format":"standard","meta":{"footnotes":""},"categories":[],"tags":[],"class_list":["post-5826","post","type-post","status-publish","format-standard","hentry"],"_links":{"self":[{"href":"https:\/\/agrarias.ufpr.br\/litez\/wp-json\/wp\/v2\/posts\/5826","targetHints":{"allow":["GET"]}}],"collection":[{"href":"https:\/\/agrarias.ufpr.br\/litez\/wp-json\/wp\/v2\/posts"}],"about":[{"href":"https:\/\/agrarias.ufpr.br\/litez\/wp-json\/wp\/v2\/types\/post"}],"author":[{"embeddable":true,"href":"https:\/\/agrarias.ufpr.br\/litez\/wp-json\/wp\/v2\/users\/10259"}],"replies":[{"embeddable":true,"href":"https:\/\/agrarias.ufpr.br\/litez\/wp-json\/wp\/v2\/comments?post=5826"}],"version-history":[{"count":1,"href":"https:\/\/agrarias.ufpr.br\/litez\/wp-json\/wp\/v2\/posts\/5826\/revisions"}],"predecessor-version":[{"id":6149,"href":"https:\/\/agrarias.ufpr.br\/litez\/wp-json\/wp\/v2\/posts\/5826\/revisions\/6149"}],"wp:attachment":[{"href":"https:\/\/agrarias.ufpr.br\/litez\/wp-json\/wp\/v2\/media?parent=5826"}],"wp:term":[{"taxonomy":"category","embeddable":true,"href":"https:\/\/agrarias.ufpr.br\/litez\/wp-json\/wp\/v2\/categories?post=5826"},{"taxonomy":"post_tag","embeddable":true,"href":"https:\/\/agrarias.ufpr.br\/litez\/wp-json\/wp\/v2\/tags?post=5826"}],"curies":[{"name":"wp","href":"https:\/\/api.w.org\/{rel}","templated":true}]}}