{"id":5789,"date":"2021-02-26T14:43:47","date_gmt":"2021-02-26T14:43:47","guid":{"rendered":"https:\/\/agrarias.ufpr.br\/litez\/?post_type=noticias&#038;p=5789"},"modified":"2026-03-20T15:33:07","modified_gmt":"2026-03-20T18:33:07","slug":"influence-of-microclimate-on-dairy-cows-behavior-in-three-pasture-systems-during-the-winter-in-south-brazil","status":"publish","type":"post","link":"https:\/\/agrarias.ufpr.br\/litez\/2021\/02\/26\/influence-of-microclimate-on-dairy-cows-behavior-in-three-pasture-systems-during-the-winter-in-south-brazil\/","title":{"rendered":"Influence of microclimate on dairy cows\u2019 behavior in three pasture systems during the winter in south Brazil"},"content":{"rendered":"<table style=\"height: 245px;width: 100.76373135597801%;border-collapse: collapse;border-color: #68de86;background-color: #ffffff\" border=\"3\">\n<tbody>\n<tr style=\"height: 265px\">\n<td style=\"width: 100%;height: 245px\">\n<table style=\"border-style: dotted\" border=\"0\">\n<tbody>\n<tr style=\"height: 24px\">\n<td style=\"width: 222px;height: 10px\"><img loading=\"lazy\" decoding=\"async\" class=\"alignleft wp-image-5790\" src=\"https:\/\/agrarias.ufpr.br\/litez\/wp-content\/uploads\/sites\/35\/2021\/02\/8a6ac1c9-978d-4cd0-abcf-55aca9ed7dc7-225x300.jpg\" alt=\"\" width=\"188\" height=\"250\" srcset=\"https:\/\/agrarias.ufpr.br\/litez\/wp-content\/uploads\/sites\/35\/2021\/02\/8a6ac1c9-978d-4cd0-abcf-55aca9ed7dc7-225x300.jpg 225w, https:\/\/agrarias.ufpr.br\/litez\/wp-content\/uploads\/sites\/35\/2021\/02\/8a6ac1c9-978d-4cd0-abcf-55aca9ed7dc7-768x1024.jpg 768w, https:\/\/agrarias.ufpr.br\/litez\/wp-content\/uploads\/sites\/35\/2021\/02\/8a6ac1c9-978d-4cd0-abcf-55aca9ed7dc7-250x333.jpg 250w, https:\/\/agrarias.ufpr.br\/litez\/wp-content\/uploads\/sites\/35\/2021\/02\/8a6ac1c9-978d-4cd0-abcf-55aca9ed7dc7-90x120.jpg 90w, https:\/\/agrarias.ufpr.br\/litez\/wp-content\/uploads\/sites\/35\/2021\/02\/8a6ac1c9-978d-4cd0-abcf-55aca9ed7dc7.jpg 960w\" sizes=\"auto, (max-width: 188px) 100vw, 188px\" \/><\/td>\n<td style=\"width: 692px;height: 10px\">Veja a nossa publica\u00e7\u00e3o em parceria com o Grupo Multidisciplinar de Ensino, Pesquisa e extens\u00e3o (UFPR) e com o Laborat\u00f3rio de Etologia Aplicada e Bem-Estar animal (LETA &#8211; UFSC) na <span style=\"color: #339966\"><a style=\"color: #339966\" href=\"https:\/\/www.sciencedirect.com\/science\/article\/pii\/S0306456521000401?via%3Dihub\" target=\"_blank\" rel=\"noopener\">Journal of Thermal Biology<\/a><\/span><\/td>\n<\/tr>\n<\/tbody>\n<\/table>\n<p>Realizamos uma pesquisa para avaliar a influ\u00eancia do microclima no comportamento de vacas leiteiras em tr\u00eas sistemas de pastagem durante o inverno no sul do Brasil. O microclima local e o comportamento das vacas foram comparados em duas condi\u00e7\u00f5es (sombra e sol) e entre tr\u00eas sistemas de pastagem: sistema silvipastoril com \u00e1rvores dispersas (SPSdisp), sistema silvipastoril com \u00e1rvores ao longo das cercas (SPSfen) e pastagem sem \u00e1rvores (PSA) . O \u00edndice de temperatura de globo negro e umidade (ITGU) foi calculado para avaliar o conforto t\u00e9rmico das vacas. Durante a tarde, na condi\u00e7\u00e3o de sol nos tr\u00eas sistemas de pastagem, os valores de ITGU ficaram acima do limite de conforto t\u00e9rmico para as vacas. O tempo que as vacas gastarm em cada comportamento foi diferente (p &lt;0,05) entre os sistemas e condi\u00e7\u00f5es (sombra e sol): em ambos os SPSs, as vacas passaram mais tempo deitadas (em \u00f3cio e ruminando) na condi\u00e7\u00e3o de sol entre 12:00 e 12:50, e mais tempo em p\u00e9 (em \u00f3cio e ruminando) na condi\u00e7\u00e3o sombra entre 13:00 e 13:50. A frequ\u00eancia de ingest\u00e3o de \u00e1gua foi aproximadamente 33% maior no TLP do que no SPSs quando o ITGU excedeu o limite de conforto t\u00e9rmico (12:00 e 12:50). Nos sistemas silvipastoris, as vacas tinham a op\u00e7\u00e3o de compensar a perda de calor causada pela perman\u00eancia de baixas temperaturas ao sol. No entando tamb\u00e9m podiam usar a sombra quando motivados para isso, seja para se proteger do sol no meio do dia ou para descansar ap\u00f3s um per\u00edodo de desconforto t\u00e9rmico.<\/td>\n<\/tr>\n<\/tbody>\n<\/table>\n","protected":false},"excerpt":{"rendered":"<p>Veja a nossa publica\u00e7\u00e3o em parceria com o Grupo Multidisciplinar de Ensino, Pesquisa e extens\u00e3o (UFPR) e com o Laborat\u00f3rio de Etologia Aplicada e Bem-Estar animal (LETA &#8211; UFSC) na Journal of Thermal Biology Realizamos uma pesquisa para avaliar a influ\u00eancia do microclima no comportamento de vacas leiteiras em tr\u00eas sistemas de pastagem durante o [&hellip;]<\/p>\n","protected":false},"author":10259,"featured_media":0,"comment_status":"closed","ping_status":"open","sticky":false,"template":"","format":"standard","meta":{"footnotes":""},"categories":[],"tags":[],"class_list":["post-5789","post","type-post","status-publish","format-standard","hentry"],"_links":{"self":[{"href":"https:\/\/agrarias.ufpr.br\/litez\/wp-json\/wp\/v2\/posts\/5789","targetHints":{"allow":["GET"]}}],"collection":[{"href":"https:\/\/agrarias.ufpr.br\/litez\/wp-json\/wp\/v2\/posts"}],"about":[{"href":"https:\/\/agrarias.ufpr.br\/litez\/wp-json\/wp\/v2\/types\/post"}],"author":[{"embeddable":true,"href":"https:\/\/agrarias.ufpr.br\/litez\/wp-json\/wp\/v2\/users\/10259"}],"replies":[{"embeddable":true,"href":"https:\/\/agrarias.ufpr.br\/litez\/wp-json\/wp\/v2\/comments?post=5789"}],"version-history":[{"count":1,"href":"https:\/\/agrarias.ufpr.br\/litez\/wp-json\/wp\/v2\/posts\/5789\/revisions"}],"predecessor-version":[{"id":6152,"href":"https:\/\/agrarias.ufpr.br\/litez\/wp-json\/wp\/v2\/posts\/5789\/revisions\/6152"}],"wp:attachment":[{"href":"https:\/\/agrarias.ufpr.br\/litez\/wp-json\/wp\/v2\/media?parent=5789"}],"wp:term":[{"taxonomy":"category","embeddable":true,"href":"https:\/\/agrarias.ufpr.br\/litez\/wp-json\/wp\/v2\/categories?post=5789"},{"taxonomy":"post_tag","embeddable":true,"href":"https:\/\/agrarias.ufpr.br\/litez\/wp-json\/wp\/v2\/tags?post=5789"}],"curies":[{"name":"wp","href":"https:\/\/api.w.org\/{rel}","templated":true}]}}