{"id":8013,"date":"2026-03-30T18:20:20","date_gmt":"2026-03-30T18:20:20","guid":{"rendered":"https:\/\/agrarias.ufpr.br\/hv\/?p=8013"},"modified":"2026-03-31T14:01:11","modified_gmt":"2026-03-31T14:01:11","slug":"comunicado-desligamento-da-rede-eletrica-e-feriado","status":"publish","type":"post","link":"https:\/\/agrarias.ufpr.br\/hv\/2026\/03\/30\/comunicado-desligamento-da-rede-eletrica-e-feriado\/","title":{"rendered":"COMUNICADO: Desligamento da rede el\u00e9trica em 02\/04 e Feriado 03\/04\/2026"},"content":{"rendered":"\n<p class=\"has-text-align-center\">Informamos que, em raz\u00e3o da necessidade de realiza\u00e7\u00e3o de servi\u00e7os de poda de \u00e1rvores de grande porte em conflito com a rede el\u00e9trica do Campus do Setor de Ci\u00eancias Agr\u00e1rias, ser\u00e1 necess\u00e1rio o desligamento tempor\u00e1rio da rede el\u00e9trica no campus no dia <strong>02 de abril de 2026<\/strong>. Adicionalmente, considerando o feriado nacional da Paix\u00e3o de Cristo, no dia <strong>03 de abril de 2026<\/strong>, n\u00e3o haver\u00e1 atendimento \u00e0 comunidade externa no Hospital Veterin\u00e1rio nas referidas datas. As atividades ser\u00e3o retomadas normalmente a partir do dia <strong>06 de abril de 2026<\/strong>.<\/p>\n\n\n\n<p class=\"has-text-align-center\">Agradecemos a compreens\u00e3o.<br>Atenciosamente.<br>Coordenadoria do HV<\/p>\n\n\n<p><a href=\"https:\/\/agrarias.ufpr.br\/hv\/wp-content\/uploads\/sites\/19\/2026\/03\/Comunicado-desligamento-da-rede-eletrica-para-servico-de-poda-de-arvores-campus-SCA.pdf\">Comunicado Desligamento da rede el\u00e9trica e feriado<\/a><\/p>","protected":false},"excerpt":{"rendered":"<p>Informamos que, em raz\u00e3o da necessidade de realiza\u00e7\u00e3o de servi\u00e7os de poda de \u00e1rvores de grande porte em conflito com a rede el\u00e9trica do Campus do Setor de Ci\u00eancias Agr\u00e1rias, ser\u00e1 necess\u00e1rio o desligamento tempor\u00e1rio da rede el\u00e9trica no campus no dia 02 de abril de 2026. Adicionalmente, considerando o feriado nacional da Paix\u00e3o de [&hellip;]<\/p>\n","protected":false},"author":10316,"featured_media":0,"comment_status":"open","ping_status":"open","sticky":false,"template":"","format":"standard","meta":{"footnotes":""},"categories":[1],"tags":[],"class_list":["post-8013","post","type-post","status-publish","format-standard","hentry","category-sem-categoria"],"_links":{"self":[{"href":"https:\/\/agrarias.ufpr.br\/hv\/wp-json\/wp\/v2\/posts\/8013","targetHints":{"allow":["GET"]}}],"collection":[{"href":"https:\/\/agrarias.ufpr.br\/hv\/wp-json\/wp\/v2\/posts"}],"about":[{"href":"https:\/\/agrarias.ufpr.br\/hv\/wp-json\/wp\/v2\/types\/post"}],"author":[{"embeddable":true,"href":"https:\/\/agrarias.ufpr.br\/hv\/wp-json\/wp\/v2\/users\/10316"}],"replies":[{"embeddable":true,"href":"https:\/\/agrarias.ufpr.br\/hv\/wp-json\/wp\/v2\/comments?post=8013"}],"version-history":[{"count":5,"href":"https:\/\/agrarias.ufpr.br\/hv\/wp-json\/wp\/v2\/posts\/8013\/revisions"}],"predecessor-version":[{"id":8027,"href":"https:\/\/agrarias.ufpr.br\/hv\/wp-json\/wp\/v2\/posts\/8013\/revisions\/8027"}],"wp:attachment":[{"href":"https:\/\/agrarias.ufpr.br\/hv\/wp-json\/wp\/v2\/media?parent=8013"}],"wp:term":[{"taxonomy":"category","embeddable":true,"href":"https:\/\/agrarias.ufpr.br\/hv\/wp-json\/wp\/v2\/categories?post=8013"},{"taxonomy":"post_tag","embeddable":true,"href":"https:\/\/agrarias.ufpr.br\/hv\/wp-json\/wp\/v2\/tags?post=8013"}],"curies":[{"name":"wp","href":"https:\/\/api.w.org\/{rel}","templated":true}]}}