{"id":7466,"date":"2026-02-06T19:13:26","date_gmt":"2026-02-06T19:13:26","guid":{"rendered":"https:\/\/agrarias.ufpr.br\/hv\/?post_type=noticias&#038;p=7466"},"modified":"2026-03-30T14:36:22","modified_gmt":"2026-03-30T14:36:22","slug":"comunicado-recesso-de-carnaval","status":"publish","type":"post","link":"https:\/\/agrarias.ufpr.br\/hv\/2026\/02\/06\/comunicado-recesso-de-carnaval\/","title":{"rendered":"Comunicado: Recesso de carnaval"},"content":{"rendered":"<p style=\"text-align: center\">Seguindo as orienta\u00e7\u00f5es do Minist\u00e9rio da Gest\u00e3o e da Inova\u00e7\u00e3o em Servi\u00e7os P\u00fablicos, bem como da Reitoria\/UFPR, em virtude do carnaval nos dias <strong>16\/02\/2026 (ponto facultativo), 17\/02\/2026 (ponto facultativo) e 18\/02\/2026 (ponto facultativo at\u00e9 \u00e0s 14h)<\/strong>, informamos que, N\u00c3O HAVER\u00c1 ATENDIMENTO \u00c0 COMUNIDADE EXTERNA NESTE HOSPITAL VETERIN\u00c1RIO durante os dias de ponto facultativo, sendo as atividades retomadas a partir das 14h do dia 18\/02\/2026.<\/p>\n<p style=\"text-align: center\">Atenciosamente.<\/p>\n<p style=\"text-align: center\">Coordenadoria do HV<\/p>\n<p>&nbsp;<\/p>\n<p><strong><a href=\"https:\/\/agrarias.ufpr.br\/hv\/wp-content\/uploads\/sites\/19\/2026\/02\/comunicado-atendimento-HV-periodo-de-carnaval-2026.pdf\">Comunicado atendimento HV per\u00edodo de carnaval 2026<\/a><\/strong><\/p>\n","protected":false},"excerpt":{"rendered":"<p>Seguindo as orienta\u00e7\u00f5es do Minist\u00e9rio da Gest\u00e3o e da Inova\u00e7\u00e3o em Servi\u00e7os P\u00fablicos, bem como da Reitoria\/UFPR, em virtude do carnaval nos dias 16\/02\/2026 (ponto facultativo), 17\/02\/2026 (ponto facultativo) e 18\/02\/2026 (ponto facultativo at\u00e9 \u00e0s 14h), informamos que, N\u00c3O HAVER\u00c1 ATENDIMENTO \u00c0 COMUNIDADE EXTERNA NESTE HOSPITAL VETERIN\u00c1RIO durante os dias de ponto facultativo, sendo as [&hellip;]<\/p>\n","protected":false},"author":10251,"featured_media":0,"comment_status":"open","ping_status":"open","sticky":false,"template":"","format":"standard","meta":{"footnotes":""},"categories":[1],"tags":[],"class_list":["post-7466","post","type-post","status-publish","format-standard","hentry","category-sem-categoria"],"_links":{"self":[{"href":"https:\/\/agrarias.ufpr.br\/hv\/wp-json\/wp\/v2\/posts\/7466","targetHints":{"allow":["GET"]}}],"collection":[{"href":"https:\/\/agrarias.ufpr.br\/hv\/wp-json\/wp\/v2\/posts"}],"about":[{"href":"https:\/\/agrarias.ufpr.br\/hv\/wp-json\/wp\/v2\/types\/post"}],"author":[{"embeddable":true,"href":"https:\/\/agrarias.ufpr.br\/hv\/wp-json\/wp\/v2\/users\/10251"}],"replies":[{"embeddable":true,"href":"https:\/\/agrarias.ufpr.br\/hv\/wp-json\/wp\/v2\/comments?post=7466"}],"version-history":[{"count":2,"href":"https:\/\/agrarias.ufpr.br\/hv\/wp-json\/wp\/v2\/posts\/7466\/revisions"}],"predecessor-version":[{"id":7470,"href":"https:\/\/agrarias.ufpr.br\/hv\/wp-json\/wp\/v2\/posts\/7466\/revisions\/7470"}],"wp:attachment":[{"href":"https:\/\/agrarias.ufpr.br\/hv\/wp-json\/wp\/v2\/media?parent=7466"}],"wp:term":[{"taxonomy":"category","embeddable":true,"href":"https:\/\/agrarias.ufpr.br\/hv\/wp-json\/wp\/v2\/categories?post=7466"},{"taxonomy":"post_tag","embeddable":true,"href":"https:\/\/agrarias.ufpr.br\/hv\/wp-json\/wp\/v2\/tags?post=7466"}],"curies":[{"name":"wp","href":"https:\/\/api.w.org\/{rel}","templated":true}]}}