{"id":7373,"date":"2025-10-13T18:32:32","date_gmt":"2025-10-13T18:32:32","guid":{"rendered":"https:\/\/agrarias.ufpr.br\/hv\/?post_type=noticias&#038;p=7373"},"modified":"2026-03-30T14:32:11","modified_gmt":"2026-03-30T14:32:11","slug":"comunicado-fechamento-do-hv-dia-27-10-celebracao-do-dia-do-servidor-publico","status":"publish","type":"post","link":"https:\/\/agrarias.ufpr.br\/hv\/2025\/10\/13\/comunicado-fechamento-do-hv-dia-27-10-celebracao-do-dia-do-servidor-publico\/","title":{"rendered":"Comunicado &#8211; Fechamento do HV dia 27\/10 &#8211; celebra\u00e7\u00e3o do Dia do Servidor P\u00fablico"},"content":{"rendered":"<p>Em conformidade com o disposto na Portaria MGI N\u00ba 9.783, de 27 de dezembro de 2024, e no Of\u00edcio n\u00ba 10\/2025\/UFPR\/R\/GAB\/CAR, de 15 de abril de 2025, informamos que, em virtude da celebra\u00e7\u00e3o do Dia do Servidor P\u00fablico, dia 28\/10\/2025 (ter\u00e7a-feira) ser\u00e1 ponto facultativo, a ser comemorado em 27\/10\/2025 (segunda-feira). Dessa forma, comunicamos que, no dia 27\/10\/2025 (segunda-feira), n\u00e3o haver\u00e1 atendimento \u00e0 comunidade externa neste Hospital Veterin\u00e1rio, com a normaliza\u00e7\u00e3o das atividades e retorno ao atendimento no dia 28\/10\/2025 (ter\u00e7a-feira).<\/p>\n<p style=\"text-align: center\">Atenciosamente,<\/p>\n<p style=\"text-align: center\">Coordenadoria do HV<\/p>\n<p>&nbsp;<\/p>\n<p><a href=\"https:\/\/agrarias.ufpr.br\/hv\/wp-content\/uploads\/sites\/19\/2025\/10\/Comunicado-fechamento-HV-ponto-facultativo-dia-do-Servidor-Publico-28_10_2025.pdf\">Comunicado fechamento HV ponto facultativo dia do Servidor P\u00fablico 28_10_2025<\/a><\/p>\n<p>&nbsp;<\/p>\n","protected":false},"excerpt":{"rendered":"<p>Em conformidade com o disposto na Portaria MGI N\u00ba 9.783, de 27 de dezembro de 2024, e no Of\u00edcio n\u00ba 10\/2025\/UFPR\/R\/GAB\/CAR, de 15 de abril de 2025, informamos que, em virtude da celebra\u00e7\u00e3o do Dia do Servidor P\u00fablico, dia 28\/10\/2025 (ter\u00e7a-feira) ser\u00e1 ponto facultativo, a ser comemorado em 27\/10\/2025 (segunda-feira). Dessa forma, comunicamos que, no [&hellip;]<\/p>\n","protected":false},"author":10251,"featured_media":0,"comment_status":"open","ping_status":"open","sticky":false,"template":"","format":"standard","meta":{"footnotes":""},"categories":[],"tags":[],"class_list":["post-7373","post","type-post","status-publish","format-standard","hentry"],"_links":{"self":[{"href":"https:\/\/agrarias.ufpr.br\/hv\/wp-json\/wp\/v2\/posts\/7373","targetHints":{"allow":["GET"]}}],"collection":[{"href":"https:\/\/agrarias.ufpr.br\/hv\/wp-json\/wp\/v2\/posts"}],"about":[{"href":"https:\/\/agrarias.ufpr.br\/hv\/wp-json\/wp\/v2\/types\/post"}],"author":[{"embeddable":true,"href":"https:\/\/agrarias.ufpr.br\/hv\/wp-json\/wp\/v2\/users\/10251"}],"replies":[{"embeddable":true,"href":"https:\/\/agrarias.ufpr.br\/hv\/wp-json\/wp\/v2\/comments?post=7373"}],"version-history":[{"count":1,"href":"https:\/\/agrarias.ufpr.br\/hv\/wp-json\/wp\/v2\/posts\/7373\/revisions"}],"predecessor-version":[{"id":7375,"href":"https:\/\/agrarias.ufpr.br\/hv\/wp-json\/wp\/v2\/posts\/7373\/revisions\/7375"}],"wp:attachment":[{"href":"https:\/\/agrarias.ufpr.br\/hv\/wp-json\/wp\/v2\/media?parent=7373"}],"wp:term":[{"taxonomy":"category","embeddable":true,"href":"https:\/\/agrarias.ufpr.br\/hv\/wp-json\/wp\/v2\/categories?post=7373"},{"taxonomy":"post_tag","embeddable":true,"href":"https:\/\/agrarias.ufpr.br\/hv\/wp-json\/wp\/v2\/tags?post=7373"}],"curies":[{"name":"wp","href":"https:\/\/api.w.org\/{rel}","templated":true}]}}