{"id":6748,"date":"2023-10-06T21:21:46","date_gmt":"2023-10-06T21:21:46","guid":{"rendered":"https:\/\/agrarias.ufpr.br\/hv\/?post_type=noticias&#038;p=6748"},"modified":"2026-03-30T14:32:13","modified_gmt":"2026-03-30T14:32:13","slug":"comunicado-atendimento-do-hv-feriado-12-de-outubro-nossa-senhora-aparecida","status":"publish","type":"post","link":"https:\/\/agrarias.ufpr.br\/hv\/2023\/10\/06\/comunicado-atendimento-do-hv-feriado-12-de-outubro-nossa-senhora-aparecida\/","title":{"rendered":"Comunicado: Feriado de Nossa Senhora Aparecida"},"content":{"rendered":"<p style=\"text-align: center\">Comunicamos que, em virtude do feriado nacional dia 12\/10\/2023, em celebra\u00e7\u00e3o ao dia de Nossa Senhora Aparecida, Padroeira do Brasil, <strong>N\u00c3O HAVER\u00c1 ATENDIMENTO \u00c0 COMUNIDADE EXTERNA NESTE HOSPITAL VETERIN\u00c1RIO nos dias 12 e 13\/10\/2023,<\/strong> e que tais atividades ser\u00e3o retomadas dia 16\/10\/2023.<\/p>\n<p style=\"text-align: center\">Desejamos a todos um \u00f3timo feriado.<\/p>\n<p style=\"text-align: center\">Atenciosamente.<br \/>\nDire\u00e7\u00e3o do HV<\/p>\n<p><a href=\"https:\/\/agrarias.ufpr.br\/hv\/wp-content\/uploads\/sites\/19\/2023\/10\/comunicado-atendimento-HV-feriado-12-de-outubro-Nossa-Senhora-Aparecida.pdf\">Comunicado atendimento HV feriado 12 de outubro Nossa Senhora Aparecida<\/a><\/p>\n","protected":false},"excerpt":{"rendered":"<p>Comunicamos que, em virtude do feriado nacional dia 12\/10\/2023, em celebra\u00e7\u00e3o ao dia de Nossa Senhora Aparecida, Padroeira do Brasil, N\u00c3O HAVER\u00c1 ATENDIMENTO \u00c0 COMUNIDADE EXTERNA NESTE HOSPITAL VETERIN\u00c1RIO nos dias 12 e 13\/10\/2023, e que tais atividades ser\u00e3o retomadas dia 16\/10\/2023. Desejamos a todos um \u00f3timo feriado. Atenciosamente. Dire\u00e7\u00e3o do HV Comunicado atendimento HV [&hellip;]<\/p>\n","protected":false},"author":10251,"featured_media":6590,"comment_status":"open","ping_status":"open","sticky":false,"template":"","format":"standard","meta":{"footnotes":""},"categories":[],"tags":[],"class_list":["post-6748","post","type-post","status-publish","format-standard","has-post-thumbnail","hentry"],"_links":{"self":[{"href":"https:\/\/agrarias.ufpr.br\/hv\/wp-json\/wp\/v2\/posts\/6748","targetHints":{"allow":["GET"]}}],"collection":[{"href":"https:\/\/agrarias.ufpr.br\/hv\/wp-json\/wp\/v2\/posts"}],"about":[{"href":"https:\/\/agrarias.ufpr.br\/hv\/wp-json\/wp\/v2\/types\/post"}],"author":[{"embeddable":true,"href":"https:\/\/agrarias.ufpr.br\/hv\/wp-json\/wp\/v2\/users\/10251"}],"replies":[{"embeddable":true,"href":"https:\/\/agrarias.ufpr.br\/hv\/wp-json\/wp\/v2\/comments?post=6748"}],"version-history":[{"count":3,"href":"https:\/\/agrarias.ufpr.br\/hv\/wp-json\/wp\/v2\/posts\/6748\/revisions"}],"predecessor-version":[{"id":6752,"href":"https:\/\/agrarias.ufpr.br\/hv\/wp-json\/wp\/v2\/posts\/6748\/revisions\/6752"}],"wp:featuredmedia":[{"embeddable":true,"href":"https:\/\/agrarias.ufpr.br\/hv\/wp-json\/wp\/v2\/media\/6590"}],"wp:attachment":[{"href":"https:\/\/agrarias.ufpr.br\/hv\/wp-json\/wp\/v2\/media?parent=6748"}],"wp:term":[{"taxonomy":"category","embeddable":true,"href":"https:\/\/agrarias.ufpr.br\/hv\/wp-json\/wp\/v2\/categories?post=6748"},{"taxonomy":"post_tag","embeddable":true,"href":"https:\/\/agrarias.ufpr.br\/hv\/wp-json\/wp\/v2\/tags?post=6748"}],"curies":[{"name":"wp","href":"https:\/\/api.w.org\/{rel}","templated":true}]}}