{"id":6730,"date":"2023-08-30T16:29:07","date_gmt":"2023-08-30T16:29:07","guid":{"rendered":"https:\/\/agrarias.ufpr.br\/hv\/?post_type=noticias&#038;p=6730"},"modified":"2026-03-30T14:32:13","modified_gmt":"2026-03-30T14:32:13","slug":"feriado-independencia-do-brasil-e-ao-dia-de-nossa-senhora-da-luz-dos-pinhais","status":"publish","type":"post","link":"https:\/\/agrarias.ufpr.br\/hv\/2023\/08\/30\/feriado-independencia-do-brasil-e-ao-dia-de-nossa-senhora-da-luz-dos-pinhais\/","title":{"rendered":"Comunicado funcionamento HV: Feriado Independ\u00eancia do Brasil e Dia de Nossa Senhora da Luz dos Pinhais"},"content":{"rendered":"<p style=\"text-align: center\">COMUNICADO<\/p>\n<p>Em virtude dos feriados nacional e municipal em comemora\u00e7\u00e3o a Independ\u00eancia do Brasil e ao Dia de Nossa Senhora da Luz dos Pinhais, respectivamente, comunicamos que N\u00c3O HAVER\u00c1 ATENDIMENTO \u00c0 COMUNIDADE EXTERNA NESTE HOSPITAL VETERIN\u00c1RIO, nos dias 07 e 08\/09\/2023, e que tais atividades ser\u00e3o retomadas dia 11\/09\/2023.<\/p>\n<p style=\"text-align: center\">Desejamos a todos um \u00f3timo feriado!<br \/>\nAtenciosamente.<br \/>\nDire\u00e7\u00e3o do HV.<\/p>\n<p><a href=\"https:\/\/agrarias.ufpr.br\/hv\/wp-content\/uploads\/sites\/19\/2023\/08\/comunicado-atendimento-HV-feriados-2023-Indep-do-Brasil-e-Nossa-Sra.-da-Luz-dos-Pinhais-1.pdf\">Comunicado atendimento HV feriados 2023 Indep do Brasil e Nossa Sra. da Luz dos Pinhais<\/a><\/p>\n","protected":false},"excerpt":{"rendered":"<p>COMUNICADO Em virtude dos feriados nacional e municipal em comemora\u00e7\u00e3o a Independ\u00eancia do Brasil e ao Dia de Nossa Senhora da Luz dos Pinhais, respectivamente, comunicamos que N\u00c3O HAVER\u00c1 ATENDIMENTO \u00c0 COMUNIDADE EXTERNA NESTE HOSPITAL VETERIN\u00c1RIO, nos dias 07 e 08\/09\/2023, e que tais atividades ser\u00e3o retomadas dia 11\/09\/2023. Desejamos a todos um \u00f3timo feriado! [&hellip;]<\/p>\n","protected":false},"author":10251,"featured_media":0,"comment_status":"open","ping_status":"open","sticky":false,"template":"","format":"standard","meta":{"footnotes":""},"categories":[],"tags":[],"class_list":["post-6730","post","type-post","status-publish","format-standard","hentry"],"_links":{"self":[{"href":"https:\/\/agrarias.ufpr.br\/hv\/wp-json\/wp\/v2\/posts\/6730","targetHints":{"allow":["GET"]}}],"collection":[{"href":"https:\/\/agrarias.ufpr.br\/hv\/wp-json\/wp\/v2\/posts"}],"about":[{"href":"https:\/\/agrarias.ufpr.br\/hv\/wp-json\/wp\/v2\/types\/post"}],"author":[{"embeddable":true,"href":"https:\/\/agrarias.ufpr.br\/hv\/wp-json\/wp\/v2\/users\/10251"}],"replies":[{"embeddable":true,"href":"https:\/\/agrarias.ufpr.br\/hv\/wp-json\/wp\/v2\/comments?post=6730"}],"version-history":[{"count":3,"href":"https:\/\/agrarias.ufpr.br\/hv\/wp-json\/wp\/v2\/posts\/6730\/revisions"}],"predecessor-version":[{"id":6734,"href":"https:\/\/agrarias.ufpr.br\/hv\/wp-json\/wp\/v2\/posts\/6730\/revisions\/6734"}],"wp:attachment":[{"href":"https:\/\/agrarias.ufpr.br\/hv\/wp-json\/wp\/v2\/media?parent=6730"}],"wp:term":[{"taxonomy":"category","embeddable":true,"href":"https:\/\/agrarias.ufpr.br\/hv\/wp-json\/wp\/v2\/categories?post=6730"},{"taxonomy":"post_tag","embeddable":true,"href":"https:\/\/agrarias.ufpr.br\/hv\/wp-json\/wp\/v2\/tags?post=6730"}],"curies":[{"name":"wp","href":"https:\/\/api.w.org\/{rel}","templated":true}]}}