{"id":6666,"date":"2023-04-28T20:30:10","date_gmt":"2023-04-28T20:30:10","guid":{"rendered":"https:\/\/agrarias.ufpr.br\/hv\/?post_type=artigos&#038;p=6666"},"modified":"2026-03-30T14:31:18","modified_gmt":"2026-03-30T14:31:18","slug":"dia-mundial-da-medicina-veterinaria","status":"publish","type":"post","link":"https:\/\/agrarias.ufpr.br\/hv\/2023\/04\/28\/dia-mundial-da-medicina-veterinaria\/","title":{"rendered":"Dia Mundial da Medicina Veterin\u00e1ria"},"content":{"rendered":"<div class=\"post-first-letter\">&nbsp;<\/div>\n<div class=\"post-rich-text w-richtext\">\n<p>No \u00faltimo s\u00e1bado de abril (29\/04 esse ano), \u00e9 comemorado o Dia Mundial da Medicina Veterin\u00e1ria. \u00c9 uma forma de prestigiar a profiss\u00e3o e seus profissionais que trabalham para cuidar da sa\u00fade dos animais e dos seres humanos.&nbsp;<\/p>\n<p>&#x200d;<\/p>\n<h2>Quando tudo come\u00e7ou<\/h2>\n<p>&#x200d;<\/p>\n<p>John Gamgee, professor da faculdade de Edimburgo (Reino Unido), reuniu professores e profissionais de Medicina Veterin\u00e1ria de toda a Europa nos dias 14 a 18 de julho de 1863 na Alemanha. Nesse evento, com 103 profissionais, foi criada a World Veterinary Association (WVA). Desde ent\u00e3o essa associa\u00e7\u00e3o representa mundialmente os m\u00e9dicos veterin\u00e1rios, promovendo eventos, pesquisas e atividades para o desenvolvimento e valoriza\u00e7\u00e3o da profiss\u00e3o. Como uma forma de homenagear os m\u00e9dicos veterin\u00e1rios, em 2000, foi criado o Dia Mundial da Medicina Veterin\u00e1ria.<\/p>\n<p>&#x200d;<\/p>\n<h2>A import\u00e2ncia do M\u00e9dico Veterin\u00e1rio<\/h2>\n<p>&#x200d;<\/p>\n<p>Os m\u00e9dicos veterin\u00e1rios exercem um trabalho essencial na \u201csa\u00fade \u00fanica\u201d, que envolve a tr\u00edade de sa\u00fade: ambiental, animal e humana.&nbsp;<\/p>\n<p>&#x200d;<\/p>\n<ol role=\"list\">\n<li><strong>Ambiental:&nbsp;<\/strong>Os veterin\u00e1rios buscam a preserva\u00e7\u00e3o ambiental atrav\u00e9s do respeito \u00e0s normativas pertinentes dessa \u00e1rea, capacitando e promovendo orienta\u00e7\u00f5es \u00e0 sociedade por meio da educa\u00e7\u00e3o ambiental.<\/li>\n<li><strong>Animais:<\/strong>&nbsp;Garantir o bem-estar animal dos animais de produ\u00e7\u00e3o (bovinos, frangos, galinhas, ovinos, su\u00ednos etc), pets (c\u00e3es, gatos), animais silvestres e selvagens.<\/li>\n<li><strong>Humana:&nbsp;<\/strong>Ao cuidar da sa\u00fade dos animais, os veterin\u00e1rios garantem a sa\u00fade das pessoas tamb\u00e9m. Todos os alimentos de origem animal que voc\u00ea ingere (ovos, leite, carne, mel e todos seus derivados) precisam de um veterin\u00e1rio por tr\u00e1s para chegar com qualidade e seguran\u00e7a at\u00e9 voc\u00ea. Al\u00e9m disso, existem os N\u00facleos de Apoio \u00e0 Sa\u00fade da Fam\u00edlia (NASF) do Sistema \u00danico de Sa\u00fade do Brasil (SUS), nos quais os m\u00e9dicos veterin\u00e1rios est\u00e3o envolvidos.<\/li>\n<\/ol>\n<p>&#x200d;<\/p>\n<p>Seja nos laborat\u00f3rios, cl\u00ednicas, hospitais, frigor\u00edficos, prefeituras, entre outros lugares, os m\u00e9dicos veterin\u00e1rios s\u00e3o muito importantes na sociedade.<\/p>\n<p><strong>&nbsp;<\/strong><\/p>\n<h2>Fortalecendo a Resili\u00eancia Veterin\u00e1ria<\/h2>\n<p>&#x200d;<\/p>\n<p>O Dia Mundial da Medicina Veterin\u00e1ria encoraja as pessoas a demonstrar o apre\u00e7o mais que merecido pelos m\u00e9dicos veterin\u00e1rios pela prote\u00e7\u00e3o aos animais e aos humanos, mesmo que a \u00e1rea mais vista e falada seja a de consult\u00f3rios veterin\u00e1rios.<\/p>\n<p>&#x200d;<\/p>\n<p>O servi\u00e7o veterin\u00e1rio \u00e9 uma carga grande, tanto f\u00edsica quanto mental, chegando a ser desgastante. Por isso o tema deste ano \u00e9 sobre resili\u00eancia. Ser resiliente \u00e9 ter a capacidade de enfrentar e superar experi\u00eancias dif\u00edceis.<\/p>\n<p>&#x200d;<\/p>\n<p>Estresse, ansiedade, Burnout, depress\u00e3o e v\u00e1rios outros problemas de sa\u00fade vem aumentando nos \u00faltimos anos, principalmente na pandemia. Os m\u00e9dicos veterin\u00e1rios precisam de ferramentas e suporte adequados para manter sua sa\u00fade e bem-estar pessoal para que o seu trabalho seja feito com excel\u00eancia.<\/p>\n<p>&#x200d;<\/p>\n<p>Mas n\u00e3o adianta s\u00f3 os veterin\u00e1rios ajudarem outros veterin\u00e1rios individualmente. Associa\u00e7\u00f5es, institui\u00e7\u00f5es, governos, tutores de pets, a sociedade em si, precisam dar apoio e suporte para esses profissionais.<\/p>\n<p>&#x200d;<\/p>\n<p>Neste dia, comemoramos e celebramos os esfor\u00e7os de todos os veterin\u00e1rios e de todas as \u00e1reas dessa profiss\u00e3o e convidamos voc\u00ea a apoiar esses profissionais para fortalecer a resili\u00eancia veterin\u00e1ria e chamar a aten\u00e7\u00e3o de outras pessoas para esta causa t\u00e3o importante.<\/p>\n<p>&#x200d;<\/p>\n<p style=\"text-align: center\"><strong>&nbsp;Feliz Dia Mundial da Medicina Veterin\u00e1ria!!&nbsp;<\/strong><\/p>\n<p><a href=\"https:\/\/agrarias.ufpr.br\/hv\/wp-content\/uploads\/sites\/19\/2023\/04\/Dia-Mundial-da-Medicina-Veterinaria.png\"><img loading=\"lazy\" decoding=\"async\" class=\"aligncenter wp-image-6667\" src=\"https:\/\/agrarias.ufpr.br\/hv\/wp-content\/uploads\/sites\/19\/2023\/04\/Dia-Mundial-da-Medicina-Veterinaria-1024x1024.png\" alt=\"\" width=\"800\" height=\"800\" srcset=\"https:\/\/agrarias.ufpr.br\/hv\/wp-content\/uploads\/sites\/19\/2023\/04\/Dia-Mundial-da-Medicina-Veterinaria-1024x1024.png 1024w, https:\/\/agrarias.ufpr.br\/hv\/wp-content\/uploads\/sites\/19\/2023\/04\/Dia-Mundial-da-Medicina-Veterinaria-300x300.png 300w, https:\/\/agrarias.ufpr.br\/hv\/wp-content\/uploads\/sites\/19\/2023\/04\/Dia-Mundial-da-Medicina-Veterinaria-150x150.png 150w, https:\/\/agrarias.ufpr.br\/hv\/wp-content\/uploads\/sites\/19\/2023\/04\/Dia-Mundial-da-Medicina-Veterinaria-768x768.png 768w, https:\/\/agrarias.ufpr.br\/hv\/wp-content\/uploads\/sites\/19\/2023\/04\/Dia-Mundial-da-Medicina-Veterinaria-250x250.png 250w, https:\/\/agrarias.ufpr.br\/hv\/wp-content\/uploads\/sites\/19\/2023\/04\/Dia-Mundial-da-Medicina-Veterinaria-120x120.png 120w, https:\/\/agrarias.ufpr.br\/hv\/wp-content\/uploads\/sites\/19\/2023\/04\/Dia-Mundial-da-Medicina-Veterinaria.png 1080w\" sizes=\"auto, (max-width: 800px) 100vw, 800px\" \/><\/a><\/p>\n<p>&#x200d;<\/p>\n<\/div>\n","protected":false},"excerpt":{"rendered":"<p>&nbsp; No \u00faltimo s\u00e1bado de abril (29\/04 esse ano), \u00e9 comemorado o Dia Mundial da Medicina Veterin\u00e1ria. \u00c9 uma forma de prestigiar a profiss\u00e3o e seus profissionais que trabalham para cuidar da sa\u00fade dos animais e dos seres humanos.&nbsp; &#x200d; Quando tudo come\u00e7ou &#x200d; John Gamgee, professor da faculdade de Edimburgo (Reino Unido), reuniu professores [&hellip;]<\/p>\n","protected":false},"author":10251,"featured_media":6667,"comment_status":"closed","ping_status":"open","sticky":false,"template":"","format":"standard","meta":{"footnotes":""},"categories":[22],"tags":[],"class_list":["post-6666","post","type-post","status-publish","format-standard","has-post-thumbnail","hentry","category-artigo"],"_links":{"self":[{"href":"https:\/\/agrarias.ufpr.br\/hv\/wp-json\/wp\/v2\/posts\/6666","targetHints":{"allow":["GET"]}}],"collection":[{"href":"https:\/\/agrarias.ufpr.br\/hv\/wp-json\/wp\/v2\/posts"}],"about":[{"href":"https:\/\/agrarias.ufpr.br\/hv\/wp-json\/wp\/v2\/types\/post"}],"author":[{"embeddable":true,"href":"https:\/\/agrarias.ufpr.br\/hv\/wp-json\/wp\/v2\/users\/10251"}],"replies":[{"embeddable":true,"href":"https:\/\/agrarias.ufpr.br\/hv\/wp-json\/wp\/v2\/comments?post=6666"}],"version-history":[{"count":3,"href":"https:\/\/agrarias.ufpr.br\/hv\/wp-json\/wp\/v2\/posts\/6666\/revisions"}],"predecessor-version":[{"id":6671,"href":"https:\/\/agrarias.ufpr.br\/hv\/wp-json\/wp\/v2\/posts\/6666\/revisions\/6671"}],"wp:featuredmedia":[{"embeddable":true,"href":"https:\/\/agrarias.ufpr.br\/hv\/wp-json\/wp\/v2\/media\/6667"}],"wp:attachment":[{"href":"https:\/\/agrarias.ufpr.br\/hv\/wp-json\/wp\/v2\/media?parent=6666"}],"wp:term":[{"taxonomy":"category","embeddable":true,"href":"https:\/\/agrarias.ufpr.br\/hv\/wp-json\/wp\/v2\/categories?post=6666"},{"taxonomy":"post_tag","embeddable":true,"href":"https:\/\/agrarias.ufpr.br\/hv\/wp-json\/wp\/v2\/tags?post=6666"}],"curies":[{"name":"wp","href":"https:\/\/api.w.org\/{rel}","templated":true}]}}