{"id":5979,"date":"2020-12-04T18:20:59","date_gmt":"2020-12-04T18:20:59","guid":{"rendered":"https:\/\/agrarias.ufpr.br\/hv\/?post_type=noticias&#038;p=5979"},"modified":"2026-03-30T14:32:14","modified_gmt":"2026-03-30T14:32:14","slug":"nota-de-esclarecimentos-reabertura-hv-ao-publico-externo","status":"publish","type":"post","link":"https:\/\/agrarias.ufpr.br\/hv\/2020\/12\/04\/nota-de-esclarecimentos-reabertura-hv-ao-publico-externo\/","title":{"rendered":"Nota de esclarecimentos: reabertura HV ao p\u00fablico externo"},"content":{"rendered":"<p align=\"center\"><span style=\"font-size: medium\"><span style=\"font-size: large\"><b><span style=\"font-family: Times New Roman, serif\">Nota de Esclarecimentos e novas diretrizes para o atendimento presencial nas depend\u00eancias do Hospital Veterin\u00e1rio da UFPR \u2013 Campus I &#8211; Curitiba<\/span><\/b><\/span><\/span><\/p>\n<p align=\"justify\"><span style=\"font-family: Times New Roman, serif\"><span style=\"font-size: medium\">O Hospital Veterin\u00e1rio (HV) da Universidade Federal do Paran\u00e1 (UFPR) situado no Campus I, assim como a maioria dos Hospitais-Escola, teve seu atendimento paralisado em decorr\u00eancia da pandemia do novo corona v\u00edrus \u2013 SARS-Covid19.<\/span><\/span><\/p>\n<p align=\"justify\"><span style=\"font-size: medium\"><span style=\"font-family: Times New Roman, serif\">Como \u00f3rg\u00e3o p\u00fablico e da administra\u00e7\u00e3o federal, inevitavelmente, seguiu as recomenda\u00e7\u00f5es superiores, especialmente as determina\u00e7\u00f5es legais, que determinavam quais a\u00e7\u00f5es, e como execut\u00e1-las, para que a retomada das atividades acontecesse sem preju\u00edzo a todos os envolvidos na presta\u00e7\u00e3o de servi\u00e7os \u00e0 comunidade e nas atividades acad\u00eamicas da gradua\u00e7\u00e3o e p\u00f3s-gradua\u00e7\u00e3o.<\/span><\/span><\/p>\n<p align=\"justify\"><span style=\"font-family: Times New Roman, serif\"><span style=\"font-size: medium\">O HV da UFPR &#8211; Curitiba informa que est\u00e1 se preparando para o retorno gradual de suas atividades, incluindo o atendimento externo \u00e0 comunidade, em <u><b>07\/12\/2020<\/b><\/u>.<\/span><\/span><\/p>\n<p align=\"justify\"><span style=\"font-size: medium\"><span style=\"font-family: Times New Roman, serif\">Diante deste contexto, salientamos que algumas diretrizes dever\u00e3o ser respeitadas por todos (equipe de atendimento e tutores dos animais), sob o risco de sermos obrigados a suspendermos os atendimentos por tempo indeterminado.<\/span><\/span><\/p>\n<p align=\"justify\"><span style=\"font-size: medium\"><span style=\"font-family: Times New Roman, serif\">Seguem discriminadas, as principais determina\u00e7\u00f5es:<\/span><\/span><\/p>\n<ol>\n<li>\n<p align=\"justify\"><span style=\"font-size: medium\"><span style=\"font-family: Times New Roman, serif\">A equipe de profissionais ser\u00e1 dividida em grupos, que n\u00e3o se encontrar\u00e3o, para evitar poss\u00edveis cont\u00e1gios e afastamentos;<\/span><\/span><\/p>\n<\/li>\n<li>\n<p align=\"justify\"><span style=\"font-size: medium\"><b><span style=\"font-family: Times New Roman, serif\">S<\/span><\/b><span style=\"font-family: Times New Roman, serif\"><b>\u00f3 ser\u00e3o atendidos casos pr\u00e9-agendados por contato telef\u00f4nico (<\/b><a href=\"https:\/\/agrarias.ufpr.br\/hv\/agendamentos\/\"><u><b>Leia mais<\/b><\/u><\/a><b>)<\/b>;<\/span><\/span><\/p>\n<\/li>\n<li>\n<p align=\"justify\"><span style=\"font-size: medium\"><span style=\"font-family: Times New Roman, serif\">Cada agendamento ser\u00e1<b> INTRANSFER\u00cdVEL<\/b>;<\/span><\/span><\/p>\n<\/li>\n<li>\n<p align=\"justify\"><span style=\"font-size: medium\"><span style=\"font-family: Times New Roman, serif\">S\u00f3 ter\u00e3o acesso \u00e0s depend\u00eancias do HV: o tutor com o seu animal (paciente) agendado; ser\u00e1 agendado SOMENTE 01(um) animal por agendamento; o tutor <b>OBRIGATORIAMENTE<\/b> dever\u00e1 portar m\u00e1scara facial e fazer uso de antiss\u00e9pticos (\u00e1lcool em gel) e n\u00e3o poder\u00e1 circular livremente pelas depend\u00eancias do HV;<\/span><\/span><\/p>\n<\/li>\n<li>\n<p align=\"justify\"><span style=\"font-size: medium\"><span style=\"font-family: Times New Roman, serif\">Pessoas com quaisquer sintomas poss\u00edveis de COVID-19 n\u00e3o poder\u00e3o acessar as depend\u00eancias do HV. Caso isto seja verificado na chegada ao HV n\u00e3o ser\u00e1 permitida a entrada para atendimento;<\/span><\/span><\/p>\n<\/li>\n<li>\n<p align=\"justify\"><span style=\"font-size: medium\"><span style=\"font-family: Times New Roman, serif\">O distanciamento f\u00edsico entre as pessoas ter\u00e1 que ser respeitado.<\/span><\/span><\/p>\n<\/li>\n<\/ol>\n<p align=\"justify\"><span style=\"font-size: medium\"><span style=\"font-family: Times New Roman, serif\">Aproveitamos a oportunidade para esclarecer e informar \u00e0 popula\u00e7\u00e3o que, apesar das atividades de atendimentos presenciais \u00e0 comunidade terem sido suspensas, a equipe do HV se manteve em atividade interna durante esse per\u00edodo, bem como colaborando com as a\u00e7\u00f5es do munic\u00edpio de Curitiba e regi\u00e3o metropolitana. A\u00e7\u00f5es essas de grande import\u00e2ncia epidemiol\u00f3gica para a sociedade.<\/span><\/span><\/p>\n<p align=\"justify\"><span style=\"font-size: medium\"><span style=\"font-family: Times New Roman, serif\">\u00c9 fato destac\u00e1vel que o p\u00fablico atendido durante o funcionamento normal do HV \u00e9 volumoso requerendo uma equipe numerosa para manuten\u00e7\u00e3o dos servi\u00e7os oferecidos o que comprometeria a seguran\u00e7a epidemiol\u00f3gica de todos.<\/span><\/span><\/p>\n<p align=\"justify\"><span style=\"font-size: medium\"><span style=\"font-family: Times New Roman, serif\">Diante destas explica\u00e7\u00f5es solicitamos a compreens\u00e3o de todos e, ao mesmo tempo, a colabora\u00e7\u00e3o para que este projeto piloto de retomada das atividades presencial seja definitivo e n\u00e3o tenhamos mais interrup\u00e7\u00f5es de nossas atividades.<\/span><\/span><\/p>\n<p align=\"center\"><strong>Prof. Renato Silva de Sousa<\/strong><br \/>\n<strong>Diretor do HV<\/strong><\/p>\n<p align=\"center\"><a href=\"https:\/\/agrarias.ufpr.br\/hv\/wp-content\/uploads\/sites\/19\/2020\/12\/0003.jpg\"><img loading=\"lazy\" decoding=\"async\" class=\"alignnone size-medium wp-image-6020\" src=\"https:\/\/agrarias.ufpr.br\/hv\/wp-content\/uploads\/sites\/19\/2020\/12\/0003-213x300.jpg\" alt=\"\" width=\"213\" height=\"300\" srcset=\"https:\/\/agrarias.ufpr.br\/hv\/wp-content\/uploads\/sites\/19\/2020\/12\/0003-213x300.jpg 213w, https:\/\/agrarias.ufpr.br\/hv\/wp-content\/uploads\/sites\/19\/2020\/12\/0003-768x1080.jpg 768w, https:\/\/agrarias.ufpr.br\/hv\/wp-content\/uploads\/sites\/19\/2020\/12\/0003-728x1024.jpg 728w, https:\/\/agrarias.ufpr.br\/hv\/wp-content\/uploads\/sites\/19\/2020\/12\/0003-250x351.jpg 250w, https:\/\/agrarias.ufpr.br\/hv\/wp-content\/uploads\/sites\/19\/2020\/12\/0003-85x120.jpg 85w\" sizes=\"auto, (max-width: 213px) 100vw, 213px\" \/><\/a>&nbsp;&nbsp; <a href=\"https:\/\/agrarias.ufpr.br\/hv\/wp-content\/uploads\/sites\/19\/2020\/12\/0004.jpg\"><img loading=\"lazy\" decoding=\"async\" class=\"alignnone wp-image-6021 size-medium\" src=\"https:\/\/agrarias.ufpr.br\/hv\/wp-content\/uploads\/sites\/19\/2020\/12\/0004-213x300.jpg\" alt=\"\" width=\"213\" height=\"300\" srcset=\"https:\/\/agrarias.ufpr.br\/hv\/wp-content\/uploads\/sites\/19\/2020\/12\/0004-213x300.jpg 213w, https:\/\/agrarias.ufpr.br\/hv\/wp-content\/uploads\/sites\/19\/2020\/12\/0004-768x1080.jpg 768w, https:\/\/agrarias.ufpr.br\/hv\/wp-content\/uploads\/sites\/19\/2020\/12\/0004-728x1024.jpg 728w, https:\/\/agrarias.ufpr.br\/hv\/wp-content\/uploads\/sites\/19\/2020\/12\/0004-250x351.jpg 250w, https:\/\/agrarias.ufpr.br\/hv\/wp-content\/uploads\/sites\/19\/2020\/12\/0004-85x120.jpg 85w\" sizes=\"auto, (max-width: 213px) 100vw, 213px\" \/><\/a> <a href=\"https:\/\/agrarias.ufpr.br\/hv\/wp-content\/uploads\/sites\/19\/2020\/12\/0005.jpg\"><img loading=\"lazy\" decoding=\"async\" class=\"alignnone wp-image-6022 size-medium\" src=\"https:\/\/agrarias.ufpr.br\/hv\/wp-content\/uploads\/sites\/19\/2020\/12\/0005-213x300.jpg\" alt=\"\" width=\"213\" height=\"300\" srcset=\"https:\/\/agrarias.ufpr.br\/hv\/wp-content\/uploads\/sites\/19\/2020\/12\/0005-213x300.jpg 213w, https:\/\/agrarias.ufpr.br\/hv\/wp-content\/uploads\/sites\/19\/2020\/12\/0005-768x1080.jpg 768w, https:\/\/agrarias.ufpr.br\/hv\/wp-content\/uploads\/sites\/19\/2020\/12\/0005-728x1024.jpg 728w, https:\/\/agrarias.ufpr.br\/hv\/wp-content\/uploads\/sites\/19\/2020\/12\/0005-250x351.jpg 250w, https:\/\/agrarias.ufpr.br\/hv\/wp-content\/uploads\/sites\/19\/2020\/12\/0005-85x120.jpg 85w\" sizes=\"auto, (max-width: 213px) 100vw, 213px\" \/><\/a><\/p>\n<p align=\"center\"><a href=\"https:\/\/agrarias.ufpr.br\/hv\/wp-content\/uploads\/sites\/19\/2020\/12\/0006.jpg\"><img loading=\"lazy\" decoding=\"async\" class=\"alignnone wp-image-6023 size-medium\" src=\"https:\/\/agrarias.ufpr.br\/hv\/wp-content\/uploads\/sites\/19\/2020\/12\/0006-300x213.jpg\" alt=\"\" width=\"300\" height=\"213\" srcset=\"https:\/\/agrarias.ufpr.br\/hv\/wp-content\/uploads\/sites\/19\/2020\/12\/0006-300x213.jpg 300w, https:\/\/agrarias.ufpr.br\/hv\/wp-content\/uploads\/sites\/19\/2020\/12\/0006-768x546.jpg 768w, https:\/\/agrarias.ufpr.br\/hv\/wp-content\/uploads\/sites\/19\/2020\/12\/0006-1024x728.jpg 1024w, https:\/\/agrarias.ufpr.br\/hv\/wp-content\/uploads\/sites\/19\/2020\/12\/0006-250x178.jpg 250w, https:\/\/agrarias.ufpr.br\/hv\/wp-content\/uploads\/sites\/19\/2020\/12\/0006-160x114.jpg 160w\" sizes=\"auto, (max-width: 300px) 100vw, 300px\" \/><\/a><a href=\"https:\/\/agrarias.ufpr.br\/hv\/wp-content\/uploads\/sites\/19\/2020\/12\/0007.jpg\"><img loading=\"lazy\" decoding=\"async\" class=\"alignnone wp-image-6024 size-medium\" src=\"https:\/\/agrarias.ufpr.br\/hv\/wp-content\/uploads\/sites\/19\/2020\/12\/0007-300x213.jpg\" alt=\"\" width=\"300\" height=\"213\" srcset=\"https:\/\/agrarias.ufpr.br\/hv\/wp-content\/uploads\/sites\/19\/2020\/12\/0007-300x213.jpg 300w, https:\/\/agrarias.ufpr.br\/hv\/wp-content\/uploads\/sites\/19\/2020\/12\/0007-768x546.jpg 768w, https:\/\/agrarias.ufpr.br\/hv\/wp-content\/uploads\/sites\/19\/2020\/12\/0007-1024x728.jpg 1024w, https:\/\/agrarias.ufpr.br\/hv\/wp-content\/uploads\/sites\/19\/2020\/12\/0007-250x178.jpg 250w, https:\/\/agrarias.ufpr.br\/hv\/wp-content\/uploads\/sites\/19\/2020\/12\/0007-160x114.jpg 160w\" sizes=\"auto, (max-width: 300px) 100vw, 300px\" \/><\/a><\/p>\n","protected":false},"excerpt":{"rendered":"<p>Nota de Esclarecimentos e novas diretrizes para o atendimento presencial nas depend\u00eancias do Hospital Veterin\u00e1rio da UFPR \u2013 Campus I &#8211; Curitiba O Hospital Veterin\u00e1rio (HV) da Universidade Federal do Paran\u00e1 (UFPR) situado no Campus I, assim como a maioria dos Hospitais-Escola, teve seu atendimento paralisado em decorr\u00eancia da pandemia do novo corona v\u00edrus \u2013 [&hellip;]<\/p>\n","protected":false},"author":10251,"featured_media":5985,"comment_status":"open","ping_status":"open","sticky":false,"template":"","format":"standard","meta":{"footnotes":""},"categories":[],"tags":[],"class_list":["post-5979","post","type-post","status-publish","format-standard","has-post-thumbnail","hentry"],"_links":{"self":[{"href":"https:\/\/agrarias.ufpr.br\/hv\/wp-json\/wp\/v2\/posts\/5979","targetHints":{"allow":["GET"]}}],"collection":[{"href":"https:\/\/agrarias.ufpr.br\/hv\/wp-json\/wp\/v2\/posts"}],"about":[{"href":"https:\/\/agrarias.ufpr.br\/hv\/wp-json\/wp\/v2\/types\/post"}],"author":[{"embeddable":true,"href":"https:\/\/agrarias.ufpr.br\/hv\/wp-json\/wp\/v2\/users\/10251"}],"replies":[{"embeddable":true,"href":"https:\/\/agrarias.ufpr.br\/hv\/wp-json\/wp\/v2\/comments?post=5979"}],"version-history":[{"count":8,"href":"https:\/\/agrarias.ufpr.br\/hv\/wp-json\/wp\/v2\/posts\/5979\/revisions"}],"predecessor-version":[{"id":6026,"href":"https:\/\/agrarias.ufpr.br\/hv\/wp-json\/wp\/v2\/posts\/5979\/revisions\/6026"}],"wp:featuredmedia":[{"embeddable":true,"href":"https:\/\/agrarias.ufpr.br\/hv\/wp-json\/wp\/v2\/media\/5985"}],"wp:attachment":[{"href":"https:\/\/agrarias.ufpr.br\/hv\/wp-json\/wp\/v2\/media?parent=5979"}],"wp:term":[{"taxonomy":"category","embeddable":true,"href":"https:\/\/agrarias.ufpr.br\/hv\/wp-json\/wp\/v2\/categories?post=5979"},{"taxonomy":"post_tag","embeddable":true,"href":"https:\/\/agrarias.ufpr.br\/hv\/wp-json\/wp\/v2\/tags?post=5979"}],"curies":[{"name":"wp","href":"https:\/\/api.w.org\/{rel}","templated":true}]}}