{"id":5826,"date":"2020-05-07T11:35:13","date_gmt":"2020-05-07T11:35:13","guid":{"rendered":"https:\/\/agrarias.ufpr.br\/hv\/?post_type=noticias&#038;p=5826"},"modified":"2026-03-30T14:32:14","modified_gmt":"2026-03-30T14:32:14","slug":"nota-oficial-sobre-a-pandemia-de-coronavirus-covid-19","status":"publish","type":"post","link":"https:\/\/agrarias.ufpr.br\/hv\/2020\/05\/07\/nota-oficial-sobre-a-pandemia-de-coronavirus-covid-19\/","title":{"rendered":"Nota oficial sobre a Pandemia de Coronav\u00edrus \u2013 COVID-19 [27\/05\/2020]"},"content":{"rendered":"<p style=\"text-align: center\"><strong>Atividades Did\u00e1ticas no Hospital Veterin\u00e1rio e Departamento de Medicina Veterin\u00e1ria<\/strong><\/p>\n<p style=\"text-align: center\">Considerando as orienta\u00e7\u00f5es contidas no comunicado oficial da UFPR, no <strong>Despacho n\u00ba&nbsp;<\/strong><strong>38\/2020\/UFPR\/R\/GAB\/SOC<\/strong> e na <strong>Portaria n\u00ba 1012\/REITORIA<\/strong> para planejar e atender as condi\u00e7\u00f5es de preven\u00e7\u00e3o necess\u00e1rias no combate ao COVID-19, o Diretor do Hospital Veterin\u00e1rio, o Chefe de Departamento de Medicina&nbsp; Veterin\u00e1ria, os&nbsp;Coordenadores dos Curso de Gradua\u00e7\u00e3o em Medicina Veterin\u00e1ria e do Programa P\u00f3s-Gradua\u00e7\u00e3o em Ci\u00eancias Veterin\u00e1rias e Coordenador do Programa de Resid\u00eancia em \u00c1rea Profissional de Sa\u00fade \u2013 Medicina Veterin\u00e1ria (PRAPS-MV \/ HV), no uso de suas atribui\u00e7\u00f5es <strong>RESOLVEM:<\/strong><\/p>\n<table style=\"height: 301px\" border=\"0\" width=\"1377\">\n<tbody>\n<tr>\n<td style=\"width: 1367px;text-align: center\"><strong>1. Suspender o atendimento ao p\u00fablico do Hospital Veterin\u00e1rio, <\/strong><strong>a partir de<br \/>\n17\/03\/2020 at\u00e9 12\/06\/2020.<\/strong><\/td>\n<\/tr>\n<tr>\n<td style=\"width: 1367px;text-align: center\"><strong>2. Suspender as atividades dos residentes do PRAPS-MV, a partir de<br \/>\n17\/03\/2020 at\u00e9 12\/06\/2020.<\/strong><\/td>\n<\/tr>\n<tr>\n<td style=\"width: 1367px;text-align: center\"><strong>3. Cancelar a solicita\u00e7\u00e3o de est\u00e1gios curriculares na \u00e1rea de Medicina Veterin\u00e1ria<\/strong><br \/>\n<strong>at\u00e9 31 de maio de 2020.<\/strong><\/td>\n<\/tr>\n<tr>\n<td style=\"width: 1367px;text-align: center\"><strong>4. Suspender e finalizar o est\u00e1gio curricular em andamento dos discentes no<\/strong><br \/>\n<strong>\u00e2mbito do DMV e HV.<\/strong><\/td>\n<\/tr>\n<tr>\n<td style=\"width: 1367px;text-align: center\"><strong>5. Suspender as atividades de inicia\u00e7\u00e3o cient\u00edfica, extens\u00e3o, monitoria e<\/strong><br \/>\n<strong>programa de voluntariado acad\u00eamico (PVA) no \u00e2mbito do DMV e HV.<\/strong><\/td>\n<\/tr>\n<tr>\n<td style=\"width: 1367px;text-align: center\"><strong>6. Suspender as atividades de pesquisa dos projetos vinculados ao PPGCV no<\/strong><br \/>\n<strong>\u00e2mbito do HV, DMV e PPGCV.<\/strong><\/td>\n<\/tr>\n<\/tbody>\n<\/table>\n<p style=\"text-align: center\">As alternativas de retomada gradual das atividades no Hospital Veterin\u00e1rio est\u00e3o sendo avaliadas pela dire\u00e7\u00e3o e respectivas coordena\u00e7\u00f5es e novas diretrizes ser\u00e3o comunicadas.<\/p>\n<p style=\"text-align: center\"><strong>Curitiba, 27 de maio de 2020.<\/strong><\/p>\n<p style=\"text-align: center\">Assinam esta nota:<br \/>\n\u2013 o Diretor do Hospital Veterin\u00e1rio,<br \/>\n&#8211; o Chefe do Departamento de Medicina Veterin\u00e1ria<br \/>\n\u2013 o Coordenador do Curso de Gradua\u00e7\u00e3o em Medicina Veterin\u00e1ria,<br \/>\n\u2013 o Coordenador do Programa de P\u00f3s-Gradua\u00e7\u00e3o em Ci\u00eancias Veterin\u00e1rias,<br \/>\n\u2013 o Coordenador do Programa de Resid\u00eancia em \u00c1rea Profissional de Sa\u00fade Medicina Veterin\u00e1ria \u2013 HV.<\/p>\n<p style=\"text-align: center\"><strong><a href=\"https:\/\/agrarias.ufpr.br\/hv\/wp-content\/uploads\/sites\/19\/2020\/05\/Nota-t\u00e9cnica-COVID-19-4a-nota.pdf\">Nota t\u00e9cnica COVID 19 &#8211; 4\u00aa nota<\/a><\/strong><\/p>\n<p>&nbsp;<\/p>\n","protected":false},"excerpt":{"rendered":"<p>Atividades Did\u00e1ticas no Hospital Veterin\u00e1rio e Departamento de Medicina Veterin\u00e1ria Considerando as orienta\u00e7\u00f5es contidas no comunicado oficial da UFPR, no Despacho n\u00ba&nbsp;38\/2020\/UFPR\/R\/GAB\/SOC e na Portaria n\u00ba 1012\/REITORIA para planejar e atender as condi\u00e7\u00f5es de preven\u00e7\u00e3o necess\u00e1rias no combate ao COVID-19, o Diretor do Hospital Veterin\u00e1rio, o Chefe de Departamento de Medicina&nbsp; Veterin\u00e1ria, os&nbsp;Coordenadores dos Curso [&hellip;]<\/p>\n","protected":false},"author":10251,"featured_media":5909,"comment_status":"open","ping_status":"open","sticky":false,"template":"","format":"standard","meta":{"footnotes":""},"categories":[],"tags":[],"class_list":["post-5826","post","type-post","status-publish","format-standard","has-post-thumbnail","hentry"],"_links":{"self":[{"href":"https:\/\/agrarias.ufpr.br\/hv\/wp-json\/wp\/v2\/posts\/5826","targetHints":{"allow":["GET"]}}],"collection":[{"href":"https:\/\/agrarias.ufpr.br\/hv\/wp-json\/wp\/v2\/posts"}],"about":[{"href":"https:\/\/agrarias.ufpr.br\/hv\/wp-json\/wp\/v2\/types\/post"}],"author":[{"embeddable":true,"href":"https:\/\/agrarias.ufpr.br\/hv\/wp-json\/wp\/v2\/users\/10251"}],"replies":[{"embeddable":true,"href":"https:\/\/agrarias.ufpr.br\/hv\/wp-json\/wp\/v2\/comments?post=5826"}],"version-history":[{"count":8,"href":"https:\/\/agrarias.ufpr.br\/hv\/wp-json\/wp\/v2\/posts\/5826\/revisions"}],"predecessor-version":[{"id":5935,"href":"https:\/\/agrarias.ufpr.br\/hv\/wp-json\/wp\/v2\/posts\/5826\/revisions\/5935"}],"wp:featuredmedia":[{"embeddable":true,"href":"https:\/\/agrarias.ufpr.br\/hv\/wp-json\/wp\/v2\/media\/5909"}],"wp:attachment":[{"href":"https:\/\/agrarias.ufpr.br\/hv\/wp-json\/wp\/v2\/media?parent=5826"}],"wp:term":[{"taxonomy":"category","embeddable":true,"href":"https:\/\/agrarias.ufpr.br\/hv\/wp-json\/wp\/v2\/categories?post=5826"},{"taxonomy":"post_tag","embeddable":true,"href":"https:\/\/agrarias.ufpr.br\/hv\/wp-json\/wp\/v2\/tags?post=5826"}],"curies":[{"name":"wp","href":"https:\/\/api.w.org\/{rel}","templated":true}]}}