{"id":5154,"date":"2021-07-23T17:39:28","date_gmt":"2021-07-23T17:39:28","guid":{"rendered":"https:\/\/agrarias.ufpr.br\/fitotecnia\/?post_type=noticias&#038;p=5154"},"modified":"2026-03-24T17:29:47","modified_gmt":"2026-03-24T17:29:47","slug":"venha-se-tornar-especialista-em-fitossanidade-pela-ufpr","status":"publish","type":"post","link":"https:\/\/agrarias.ufpr.br\/fitotecnia\/venha-se-tornar-especialista-em-fitossanidade-pela-ufpr\/","title":{"rendered":"Venha se tornar especialista em Fitossanidade pela UFPR!"},"content":{"rendered":"<p style=\"text-align: justify\">A qualifica\u00e7\u00e3o de profissionais na \u00e1rea de fitossanidade \u00e9 uma necessidade cada vez maior no competitivo mercado nacional e internacional. Para atender a essa demanda, a Universidade Federal do Paran\u00e1 vai ofertar o curso de P\u00f3s-Gradua\u00e7\u00e3o Lato Sensu em Fitossanidade. As aulas come\u00e7am em mar\u00e7o de 2022, mas o per\u00edodo de pr\u00e9-inscri\u00e7\u00f5es j\u00e1 est\u00e1 aberto (<a href=\"https:\/\/ufpr.pecca.com.br\/pos-graduacao-lato-sensu-em-fitossanidade\/\">https:\/\/ufpr.pecca.com.br\/pos-graduacao-lato-sensu-em-fitossanidade\/<\/a>). As vagas s\u00e3o limitadas.<\/p>\n<p style=\"text-align: justify\">O objetivo do curso de especializa\u00e7\u00e3o \u00e9 qualificar profissionais na \u00e1rea de Fitossanidade para uma agricultura moderna, sustent\u00e1vel e economicamente vi\u00e1vel. Atrav\u00e9s do curso, pretende-se promover a atualiza\u00e7\u00e3o e aplica\u00e7\u00e3o dos conhecimentos t\u00e9cnicos relativos \u00e0 legisla\u00e7\u00e3o fitossanit\u00e1ria, tecnologia de aplica\u00e7\u00e3o, planejamento experimental, fitopatologia, entomologia e matologia. Tamb\u00e9m pretende consolidar a prote\u00e7\u00e3o de plantas frente a t\u00e9cnicas agr\u00edcolas sustent\u00e1veis, visando a conserva\u00e7\u00e3o e melhoria do ambiente de produ\u00e7\u00e3o.<\/p>\n<p style=\"text-align: justify\">Idealizado por docentes de diferentes \u00e1reas, o curso ser\u00e1 ofertado na modalidade de ensino a dist\u00e2ncia (EAD), seguindo modelo semipresencial dividido em dois m\u00f3dulos. Cada m\u00f3dulo ter\u00e1 sete disciplinas, ofertadas \u00e0 dist\u00e2ncia. Ao final de cada m\u00f3dulo, ser\u00e1 realizado o encontro presencial, com participa\u00e7\u00e3o obrigat\u00f3ria. Atrav\u00e9s do ensino EAD, a coordena\u00e7\u00e3o do curso pretende atingir profissionais de todo o pa\u00eds, proporcionando oportunidades de capacita\u00e7\u00e3o e ampliando a \u00e1rea de atua\u00e7\u00e3o da UFPR.<\/p>\n<p style=\"text-align: justify\">O corpo docente \u00e9 formado por professores de diferentes \u00e1reas de atua\u00e7\u00e3o: UFPR, Empresa de Pesquisa Agropecu\u00e1ria e Extens\u00e3o Rural de Santa Catarina (EPAGRI), Universidade Estadual do Norte do Paran\u00e1 (UENP) e Universidade Tecnol\u00f3gica Federal do Paran\u00e1 (UTFPR). O curso de P\u00f3s-Gradua\u00e7\u00e3o Lato Sensu em Fitossanidade \u00e9 ofertado pelo&nbsp;<a href=\"https:\/\/ufpr.pecca.com.br\/\">Programa de Educa\u00e7\u00e3o Continuada em Ci\u00eancias Agr\u00e1rias<\/a>&nbsp;(PECCA) da UFPR.<\/p>\n<p style=\"text-align: justify\">Mais informa\u00e7\u00f5es sobre o curso est\u00e3o no site&nbsp;<a href=\"https:\/\/agrarias.ufpr.br\/pglsf\/\">https:\/\/agrarias.ufpr.br\/pglsf\/<\/a><\/p>\n","protected":false},"excerpt":{"rendered":"<p>A qualifica\u00e7\u00e3o de profissionais na \u00e1rea de fitossanidade \u00e9 uma necessidade cada vez maior no competitivo mercado nacional e internacional. Para atender a essa demanda, a Universidade Federal do Paran\u00e1 vai ofertar o curso de P\u00f3s-Gradua\u00e7\u00e3o Lato Sensu em Fitossanidade. As aulas come\u00e7am em mar\u00e7o de 2022, mas o per\u00edodo de pr\u00e9-inscri\u00e7\u00f5es j\u00e1 est\u00e1 aberto [&hellip;]<\/p>\n","protected":false},"author":10266,"featured_media":0,"comment_status":"closed","ping_status":"open","sticky":false,"template":"","format":"standard","meta":{"footnotes":""},"categories":[],"tags":[],"class_list":["post-5154","post","type-post","status-publish","format-standard","hentry"],"_links":{"self":[{"href":"https:\/\/agrarias.ufpr.br\/fitotecnia\/wp-json\/wp\/v2\/posts\/5154","targetHints":{"allow":["GET"]}}],"collection":[{"href":"https:\/\/agrarias.ufpr.br\/fitotecnia\/wp-json\/wp\/v2\/posts"}],"about":[{"href":"https:\/\/agrarias.ufpr.br\/fitotecnia\/wp-json\/wp\/v2\/types\/post"}],"author":[{"embeddable":true,"href":"https:\/\/agrarias.ufpr.br\/fitotecnia\/wp-json\/wp\/v2\/users\/10266"}],"replies":[{"embeddable":true,"href":"https:\/\/agrarias.ufpr.br\/fitotecnia\/wp-json\/wp\/v2\/comments?post=5154"}],"version-history":[{"count":3,"href":"https:\/\/agrarias.ufpr.br\/fitotecnia\/wp-json\/wp\/v2\/posts\/5154\/revisions"}],"predecessor-version":[{"id":5159,"href":"https:\/\/agrarias.ufpr.br\/fitotecnia\/wp-json\/wp\/v2\/posts\/5154\/revisions\/5159"}],"wp:attachment":[{"href":"https:\/\/agrarias.ufpr.br\/fitotecnia\/wp-json\/wp\/v2\/media?parent=5154"}],"wp:term":[{"taxonomy":"category","embeddable":true,"href":"https:\/\/agrarias.ufpr.br\/fitotecnia\/wp-json\/wp\/v2\/categories?post=5154"},{"taxonomy":"post_tag","embeddable":true,"href":"https:\/\/agrarias.ufpr.br\/fitotecnia\/wp-json\/wp\/v2\/tags?post=5154"}],"curies":[{"name":"wp","href":"https:\/\/api.w.org\/{rel}","templated":true}]}}