{"id":4417,"date":"2019-10-03T11:41:30","date_gmt":"2019-10-03T11:41:30","guid":{"rendered":"https:\/\/agrarias.ufpr.br\/fitotecnia\/?post_type=noticias&#038;p=4417"},"modified":"2026-03-24T17:29:47","modified_gmt":"2026-03-24T17:29:47","slug":"confraternizacao-no-departamento-de-fitotecnia","status":"publish","type":"post","link":"https:\/\/agrarias.ufpr.br\/fitotecnia\/confraternizacao-no-departamento-de-fitotecnia\/","title":{"rendered":"Confraterniza\u00e7\u00e3o no Departamento de Fitotecnia"},"content":{"rendered":"<p><img decoding=\"async\" src=\"https:\/\/agrarias.ufpr.br\/fitotecnia\/wp-content\/uploads\/sites\/26\/2019\/10\/Confraterniza%C3%A7%C3%A3o-09.2019-1024x484.jpg\"><\/p>\n<p>Aconteceu, no dia 27\/09\/19, uma confraterniza\u00e7\u00e3o para comemorar a aposentadoria dos Profs. Adelino Pelissari, Edelclaiton Daros e Jos\u00e9 Luis C. Zambon.<\/p>\n","protected":false},"excerpt":{"rendered":"<p>Aconteceu, no dia 27\/09\/19, uma confraterniza\u00e7\u00e3o para comemorar a aposentadoria dos Profs. Adelino Pelissari, Edelclaiton Daros e Jos\u00e9 Luis C. Zambon.<\/p>\n","protected":false},"author":10270,"featured_media":0,"comment_status":"closed","ping_status":"open","sticky":false,"template":"","format":"standard","meta":{"footnotes":""},"categories":[],"tags":[],"class_list":["post-4417","post","type-post","status-publish","format-standard","hentry"],"_links":{"self":[{"href":"https:\/\/agrarias.ufpr.br\/fitotecnia\/wp-json\/wp\/v2\/posts\/4417","targetHints":{"allow":["GET"]}}],"collection":[{"href":"https:\/\/agrarias.ufpr.br\/fitotecnia\/wp-json\/wp\/v2\/posts"}],"about":[{"href":"https:\/\/agrarias.ufpr.br\/fitotecnia\/wp-json\/wp\/v2\/types\/post"}],"author":[{"embeddable":true,"href":"https:\/\/agrarias.ufpr.br\/fitotecnia\/wp-json\/wp\/v2\/users\/10270"}],"replies":[{"embeddable":true,"href":"https:\/\/agrarias.ufpr.br\/fitotecnia\/wp-json\/wp\/v2\/comments?post=4417"}],"version-history":[{"count":5,"href":"https:\/\/agrarias.ufpr.br\/fitotecnia\/wp-json\/wp\/v2\/posts\/4417\/revisions"}],"predecessor-version":[{"id":4425,"href":"https:\/\/agrarias.ufpr.br\/fitotecnia\/wp-json\/wp\/v2\/posts\/4417\/revisions\/4425"}],"wp:attachment":[{"href":"https:\/\/agrarias.ufpr.br\/fitotecnia\/wp-json\/wp\/v2\/media?parent=4417"}],"wp:term":[{"taxonomy":"category","embeddable":true,"href":"https:\/\/agrarias.ufpr.br\/fitotecnia\/wp-json\/wp\/v2\/categories?post=4417"},{"taxonomy":"post_tag","embeddable":true,"href":"https:\/\/agrarias.ufpr.br\/fitotecnia\/wp-json\/wp\/v2\/tags?post=4417"}],"curies":[{"name":"wp","href":"https:\/\/api.w.org\/{rel}","templated":true}]}}