{"id":3549,"date":"2025-12-11T17:50:46","date_gmt":"2025-12-11T17:50:46","guid":{"rendered":"https:\/\/agrarias.ufpr.br\/ccmv\/?post_type=avisos&#038;p=3549"},"modified":"2026-03-27T14:57:24","modified_gmt":"2026-03-27T14:57:24","slug":"estagio-curricular-periodo-especial-2026","status":"publish","type":"post","link":"https:\/\/agrarias.ufpr.br\/ccmv\/2025\/12\/11\/estagio-curricular-periodo-especial-2026\/","title":{"rendered":"EST\u00c1GIO CURRICULAR PER\u00cdODO ESPECIAL 2026"},"content":{"rendered":"<p><strong>Est\u00e1gio Per\u00edodo Especial 2026\/1\u00ba Semestre<\/strong><\/p>\n<p>De 01\/12\/2025 \u00e0 30\/01\/2026 \u2013 <span style=\"color: #ff00ff\"><strong>Per\u00edodo para abertura de turmas e matr\u00edculas<\/strong><\/span><\/p>\n<p>De 05\/01\/2026 \u00e0 01\/08\/2026 \u2013 <span style=\"color: #339966\"><strong>Per\u00edodo para realizar o Est\u00e1gio<\/strong><\/span><\/p>\n<p>De 15\/06\/2026 \u00e0 07\/08\/2026 \u2013 <span style=\"color: #ff9900\"><strong>Per\u00edodo para lan\u00e7amento de notas e frequ\u00eancias.<\/strong><\/span><\/p>\n<p>&nbsp;<\/p>\n<p><strong>Est\u00e1gio Per\u00edodo Especial 2026\/2\u00ba Semestre<\/strong><\/p>\n<p>De 02\/03\/2026 \u00e0 20\/01\/2027 \u2013 <span style=\"color: #ff00ff\"><strong>Per\u00edodo para abertura de turmas e matr\u00edculas<\/strong><\/span><\/p>\n<p>De 02\/03\/2026 \u00e0 20\/02\/2027 \u2013 <span style=\"color: #339966\"><strong>Per\u00edodo para realizar o Est\u00e1gio<\/strong><\/span><\/p>\n<p>De 23\/11\/2026 \u00e0 26\/02\/2027 \u2013 <span style=\"color: #ff9900\"><strong>Per\u00edodo para lan\u00e7amento de notas e frequ\u00eancias.<\/strong><\/span><\/p>\n","protected":false},"excerpt":{"rendered":"<p>Est\u00e1gio Per\u00edodo Especial 2026\/1\u00ba Semestre De 01\/12\/2025 \u00e0 30\/01\/2026 \u2013 Per\u00edodo para abertura de turmas e matr\u00edculas De 05\/01\/2026 \u00e0 01\/08\/2026 \u2013 Per\u00edodo para realizar o Est\u00e1gio De 15\/06\/2026 \u00e0 07\/08\/2026 \u2013 Per\u00edodo para lan\u00e7amento de notas e frequ\u00eancias. &nbsp; Est\u00e1gio Per\u00edodo Especial 2026\/2\u00ba Semestre De 02\/03\/2026 \u00e0 20\/01\/2027 \u2013 Per\u00edodo para abertura de turmas [&hellip;]<\/p>\n","protected":false},"author":1001,"featured_media":0,"comment_status":"closed","ping_status":"open","sticky":false,"template":"","format":"standard","meta":{"footnotes":""},"categories":[1],"tags":[],"class_list":["post-3549","post","type-post","status-publish","format-standard","hentry","category-noticias"],"_links":{"self":[{"href":"https:\/\/agrarias.ufpr.br\/ccmv\/wp-json\/wp\/v2\/posts\/3549","targetHints":{"allow":["GET"]}}],"collection":[{"href":"https:\/\/agrarias.ufpr.br\/ccmv\/wp-json\/wp\/v2\/posts"}],"about":[{"href":"https:\/\/agrarias.ufpr.br\/ccmv\/wp-json\/wp\/v2\/types\/post"}],"author":[{"embeddable":true,"href":"https:\/\/agrarias.ufpr.br\/ccmv\/wp-json\/wp\/v2\/users\/1001"}],"replies":[{"embeddable":true,"href":"https:\/\/agrarias.ufpr.br\/ccmv\/wp-json\/wp\/v2\/comments?post=3549"}],"version-history":[{"count":3,"href":"https:\/\/agrarias.ufpr.br\/ccmv\/wp-json\/wp\/v2\/posts\/3549\/revisions"}],"predecessor-version":[{"id":3735,"href":"https:\/\/agrarias.ufpr.br\/ccmv\/wp-json\/wp\/v2\/posts\/3549\/revisions\/3735"}],"wp:attachment":[{"href":"https:\/\/agrarias.ufpr.br\/ccmv\/wp-json\/wp\/v2\/media?parent=3549"}],"wp:term":[{"taxonomy":"category","embeddable":true,"href":"https:\/\/agrarias.ufpr.br\/ccmv\/wp-json\/wp\/v2\/categories?post=3549"},{"taxonomy":"post_tag","embeddable":true,"href":"https:\/\/agrarias.ufpr.br\/ccmv\/wp-json\/wp\/v2\/tags?post=3549"}],"curies":[{"name":"wp","href":"https:\/\/api.w.org\/{rel}","templated":true}]}}