{"id":3496,"date":"2025-07-21T15:44:07","date_gmt":"2025-07-21T15:44:07","guid":{"rendered":"https:\/\/agrarias.ufpr.br\/ccmv\/?post_type=avisos&#038;p=3496"},"modified":"2026-03-23T16:22:44","modified_gmt":"2026-03-23T16:22:44","slug":"2o-semestre-2025-ajustes-de-matricula-pela-coordenacao-do-dia-02-de-agosto-ate-as-14h-do-dia-13-de-agosto","status":"publish","type":"post","link":"https:\/\/agrarias.ufpr.br\/ccmv\/2025\/07\/21\/2o-semestre-2025-ajustes-de-matricula-pela-coordenacao-do-dia-02-de-agosto-ate-as-14h-do-dia-13-de-agosto\/","title":{"rendered":"2\u00ba Semestre 2025 \u2013 AJUSTES DE MATR\u00cdCULA PELA COORDENA\u00c7\u00c3O: Envio da Planilha &#8211; do dia 24 de julho, at\u00e9 \u00e0s 14h do dia 13 de agosto."},"content":{"rendered":"<h2><span style=\"font-size: 16px\">AJUSTE PELA COORDENA\u00c7\u00c3O: do dia 02 de agosto, at\u00e9 \u00e0s 14h do dia 13 de agosto.<\/span><\/h2>\n<div class=\"conteudo_post\">\n<h2>Orienta\u00e7\u00f5es:<\/h2>\n<div class=\"small-12 columns\">\n<div class=\"conteudo_post\">\n<div class=\"small-12 columns\">\n<div class=\"conteudo_post\">\n<ul>\n<li>As solicita\u00e7\u00f5es de ajustes de matr\u00edculas ser\u00e3o recebidas <strong>somente<\/strong> atrav\u00e9s do e-mail criado especificamente para essa finalidade:\u00a0<strong>mat.med.vet.ufpr@gmail.com<\/strong><\/li>\n<li>Para facilitar o preenchimento, os c\u00f3digos e nomes das disciplinas podem ser copiados das planilhas das Grades Hor\u00e1rias.<\/li>\n<li>Os pedidos de ajustes ser\u00e3o processados pela Coordena\u00e7\u00e3o por ordem de recebimento dos e-mails.<\/li>\n<li>ENVIAR A PLANILHA SOMENTE UMA VEZ. Somente a primeira planilha recebida ser\u00e1 acatada, por isso, confira com calma antes de envi\u00e1-la.<\/li>\n<li>N\u00c3O incluir na planilha as disciplinas em que j\u00e1 estejam matriculados.<\/li>\n<li>N\u00c3O alterar o tipo do documento (.docx) ao salv\u00e1-lo.<\/li>\n<li>Enviar a planilha em modo \u201cpaisagem\u201d (documento deitado).<\/li>\n<li>N\u00e3o enviar em PDF.<\/li>\n<li>Enviar a planilha de um e-mail pessoal e n\u00e3o de terceiros.<\/li>\n<\/ul>\n<p><a href=\"https:\/\/agrarias.ufpr.br\/ccmv\/wp-content\/uploads\/sites\/11\/2022\/05\/PLANILHA-AJUSTE-DE-MATRICULA.docx\">PLANILHA-AJUSTE-DE-MATR\u00cdCULA<\/a><\/p>\n<\/div>\n<\/div>\n<\/div>\n<\/div>\n<\/div>\n","protected":false},"excerpt":{"rendered":"<p>AJUSTE PELA COORDENA\u00c7\u00c3O: do dia 02 de agosto, at\u00e9 \u00e0s 14h do dia 13 de agosto. Orienta\u00e7\u00f5es: As solicita\u00e7\u00f5es de ajustes de matr\u00edculas ser\u00e3o recebidas somente atrav\u00e9s do e-mail criado especificamente para essa finalidade:\u00a0mat.med.vet.ufpr@gmail.com Para facilitar o preenchimento, os c\u00f3digos e nomes das disciplinas podem ser copiados das planilhas das Grades Hor\u00e1rias. Os pedidos de [&hellip;]<\/p>\n","protected":false},"author":1001,"featured_media":0,"comment_status":"closed","ping_status":"open","sticky":false,"template":"","format":"standard","meta":{"footnotes":""},"categories":[],"tags":[],"class_list":["post-3496","post","type-post","status-publish","format-standard","hentry"],"_links":{"self":[{"href":"https:\/\/agrarias.ufpr.br\/ccmv\/wp-json\/wp\/v2\/posts\/3496","targetHints":{"allow":["GET"]}}],"collection":[{"href":"https:\/\/agrarias.ufpr.br\/ccmv\/wp-json\/wp\/v2\/posts"}],"about":[{"href":"https:\/\/agrarias.ufpr.br\/ccmv\/wp-json\/wp\/v2\/types\/post"}],"author":[{"embeddable":true,"href":"https:\/\/agrarias.ufpr.br\/ccmv\/wp-json\/wp\/v2\/users\/1001"}],"replies":[{"embeddable":true,"href":"https:\/\/agrarias.ufpr.br\/ccmv\/wp-json\/wp\/v2\/comments?post=3496"}],"version-history":[{"count":1,"href":"https:\/\/agrarias.ufpr.br\/ccmv\/wp-json\/wp\/v2\/posts\/3496\/revisions"}],"predecessor-version":[{"id":3598,"href":"https:\/\/agrarias.ufpr.br\/ccmv\/wp-json\/wp\/v2\/posts\/3496\/revisions\/3598"}],"wp:attachment":[{"href":"https:\/\/agrarias.ufpr.br\/ccmv\/wp-json\/wp\/v2\/media?parent=3496"}],"wp:term":[{"taxonomy":"category","embeddable":true,"href":"https:\/\/agrarias.ufpr.br\/ccmv\/wp-json\/wp\/v2\/categories?post=3496"},{"taxonomy":"post_tag","embeddable":true,"href":"https:\/\/agrarias.ufpr.br\/ccmv\/wp-json\/wp\/v2\/tags?post=3496"}],"curies":[{"name":"wp","href":"https:\/\/api.w.org\/{rel}","templated":true}]}}