{"id":3495,"date":"2025-07-16T17:19:32","date_gmt":"2025-07-16T17:19:32","guid":{"rendered":"https:\/\/agrarias.ufpr.br\/ccmv\/?post_type=avisos&#038;p=3495"},"modified":"2026-03-23T16:22:44","modified_gmt":"2026-03-23T16:22:44","slug":"solicitacao-de-dispensa-de-pre-requisito-e-correquisito-2025-2","status":"publish","type":"post","link":"https:\/\/agrarias.ufpr.br\/ccmv\/2025\/07\/16\/solicitacao-de-dispensa-de-pre-requisito-e-correquisito-2025-2\/","title":{"rendered":"SOLICITA\u00c7\u00c3O DE DISPENSA DE PR\u00c9-REQUISITO E CORREQUISITO 2025\/2"},"content":{"rendered":"<h2>PER\u00cdODO PARA SOLICITA\u00c7\u00d5ES: 16\/07\/2025 \u00e0 31\/07\/2025<\/h2>\n<p>USAR O SEGUINTE FORMUL\u00c1RIO: <a href=\"https:\/\/agrarias.ufpr.br\/ccmv\/wp-content\/uploads\/sites\/11\/2020\/10\/SOLICITA\u00c7\u00c3O-QUEBRA-PR\u00c9-REQUISITO.pdf\">SOLICITA\u00c7\u00c3O QUEBRA PR\u00c9-REQUISITO<\/a><\/p>\n<p>ENVIAR O FORMUL\u00c1RIO PARA O E-MAIL: <strong>mat.med.vet.ufpr@gmail.com<\/strong><\/p>\n","protected":false},"excerpt":{"rendered":"<p>PER\u00cdODO PARA SOLICITA\u00c7\u00d5ES: 16\/07\/2025 \u00e0 31\/07\/2025 USAR O SEGUINTE FORMUL\u00c1RIO: SOLICITA\u00c7\u00c3O QUEBRA PR\u00c9-REQUISITO ENVIAR O FORMUL\u00c1RIO PARA O E-MAIL: mat.med.vet.ufpr@gmail.com<\/p>\n","protected":false},"author":1001,"featured_media":0,"comment_status":"closed","ping_status":"open","sticky":false,"template":"","format":"standard","meta":{"footnotes":""},"categories":[],"tags":[],"class_list":["post-3495","post","type-post","status-publish","format-standard","hentry"],"_links":{"self":[{"href":"https:\/\/agrarias.ufpr.br\/ccmv\/wp-json\/wp\/v2\/posts\/3495","targetHints":{"allow":["GET"]}}],"collection":[{"href":"https:\/\/agrarias.ufpr.br\/ccmv\/wp-json\/wp\/v2\/posts"}],"about":[{"href":"https:\/\/agrarias.ufpr.br\/ccmv\/wp-json\/wp\/v2\/types\/post"}],"author":[{"embeddable":true,"href":"https:\/\/agrarias.ufpr.br\/ccmv\/wp-json\/wp\/v2\/users\/1001"}],"replies":[{"embeddable":true,"href":"https:\/\/agrarias.ufpr.br\/ccmv\/wp-json\/wp\/v2\/comments?post=3495"}],"version-history":[{"count":1,"href":"https:\/\/agrarias.ufpr.br\/ccmv\/wp-json\/wp\/v2\/posts\/3495\/revisions"}],"predecessor-version":[{"id":3599,"href":"https:\/\/agrarias.ufpr.br\/ccmv\/wp-json\/wp\/v2\/posts\/3495\/revisions\/3599"}],"wp:attachment":[{"href":"https:\/\/agrarias.ufpr.br\/ccmv\/wp-json\/wp\/v2\/media?parent=3495"}],"wp:term":[{"taxonomy":"category","embeddable":true,"href":"https:\/\/agrarias.ufpr.br\/ccmv\/wp-json\/wp\/v2\/categories?post=3495"},{"taxonomy":"post_tag","embeddable":true,"href":"https:\/\/agrarias.ufpr.br\/ccmv\/wp-json\/wp\/v2\/tags?post=3495"}],"curies":[{"name":"wp","href":"https:\/\/api.w.org\/{rel}","templated":true}]}}