{"id":3470,"date":"2025-05-15T20:22:44","date_gmt":"2025-05-15T20:22:44","guid":{"rendered":"https:\/\/agrarias.ufpr.br\/ccmv\/?post_type=avisos&#038;p=3470"},"modified":"2026-03-23T16:22:44","modified_gmt":"2026-03-23T16:22:44","slug":"augm-edital-de-selecao-discente-para-saida-em-2025-2","status":"publish","type":"post","link":"https:\/\/agrarias.ufpr.br\/ccmv\/2025\/05\/15\/augm-edital-de-selecao-discente-para-saida-em-2025-2\/","title":{"rendered":"AUGM: Edital de Sele\u00e7\u00e3o Discente para sa\u00edda em 2025\/2"},"content":{"rendered":"<p><a href=\"https:\/\/agrarias.ufpr.br\/ccmv\/wp-content\/uploads\/sites\/11\/2025\/05\/Edital-PEEG-2025.pdf\">Edital PEEG-2025<\/a><\/p>\n<p>&nbsp;<\/p>\n<p><a href=\"https:\/\/internacional.ufpr.br\/portal\/2025\/05\/14\/augm-edital-de-selecao-discente-para-saida-em-2025-2\/\">https:\/\/internacional.ufpr.br\/portal\/2025\/05\/14\/augm-edital-de-selecao-discente-para-saida-em-2025-2\/<\/a><\/p>\n","protected":false},"excerpt":{"rendered":"<p>Edital PEEG-2025 &nbsp; https:\/\/internacional.ufpr.br\/portal\/2025\/05\/14\/augm-edital-de-selecao-discente-para-saida-em-2025-2\/<\/p>\n","protected":false},"author":1001,"featured_media":0,"comment_status":"closed","ping_status":"open","sticky":false,"template":"","format":"standard","meta":{"footnotes":""},"categories":[],"tags":[],"class_list":["post-3470","post","type-post","status-publish","format-standard","hentry"],"_links":{"self":[{"href":"https:\/\/agrarias.ufpr.br\/ccmv\/wp-json\/wp\/v2\/posts\/3470","targetHints":{"allow":["GET"]}}],"collection":[{"href":"https:\/\/agrarias.ufpr.br\/ccmv\/wp-json\/wp\/v2\/posts"}],"about":[{"href":"https:\/\/agrarias.ufpr.br\/ccmv\/wp-json\/wp\/v2\/types\/post"}],"author":[{"embeddable":true,"href":"https:\/\/agrarias.ufpr.br\/ccmv\/wp-json\/wp\/v2\/users\/1001"}],"replies":[{"embeddable":true,"href":"https:\/\/agrarias.ufpr.br\/ccmv\/wp-json\/wp\/v2\/comments?post=3470"}],"version-history":[{"count":2,"href":"https:\/\/agrarias.ufpr.br\/ccmv\/wp-json\/wp\/v2\/posts\/3470\/revisions"}],"predecessor-version":[{"id":3600,"href":"https:\/\/agrarias.ufpr.br\/ccmv\/wp-json\/wp\/v2\/posts\/3470\/revisions\/3600"}],"wp:attachment":[{"href":"https:\/\/agrarias.ufpr.br\/ccmv\/wp-json\/wp\/v2\/media?parent=3470"}],"wp:term":[{"taxonomy":"category","embeddable":true,"href":"https:\/\/agrarias.ufpr.br\/ccmv\/wp-json\/wp\/v2\/categories?post=3470"},{"taxonomy":"post_tag","embeddable":true,"href":"https:\/\/agrarias.ufpr.br\/ccmv\/wp-json\/wp\/v2\/tags?post=3470"}],"curies":[{"name":"wp","href":"https:\/\/api.w.org\/{rel}","templated":true}]}}