{"id":3464,"date":"2025-04-08T14:44:58","date_gmt":"2025-04-08T14:44:58","guid":{"rendered":"https:\/\/agrarias.ufpr.br\/ccmv\/?post_type=avisos&#038;p=3464"},"modified":"2026-03-23T16:22:45","modified_gmt":"2026-03-23T16:22:45","slug":"nota-de-falecimento","status":"publish","type":"post","link":"https:\/\/agrarias.ufpr.br\/ccmv\/2025\/04\/08\/nota-de-falecimento\/","title":{"rendered":"NOTA DE FALECIMENTO"},"content":{"rendered":"<p>\u00c9 com profundo pesar que comunicamos o falecimento do Professor <strong>Lineu Roberto da Silva.<\/strong><\/p>\n<p>O falecimento se deu ontem, dia 07\/04\/2025.<\/p>\n<p>O vel\u00f3rio est\u00e1 ocorrendo na capela Vaticano em Curitiba<\/p>\n<p>Local do Sepultamento: CREMAT\u00d3RIO VATICANO (ALMIRANTE TAMANDAR\u00c9-PR)<\/p>\n<p>Data do Sepultamento: 8 de abril de 2025 \u00e0s 13:00h<\/p>\n<p>&nbsp;<\/p>\n","protected":false},"excerpt":{"rendered":"<p>\u00c9 com profundo pesar que comunicamos o falecimento do Professor Lineu Roberto da Silva. O falecimento se deu ontem, dia 07\/04\/2025. O vel\u00f3rio est\u00e1 ocorrendo na capela Vaticano em Curitiba Local do Sepultamento: CREMAT\u00d3RIO VATICANO (ALMIRANTE TAMANDAR\u00c9-PR) Data do Sepultamento: 8 de abril de 2025 \u00e0s 13:00h &nbsp;<\/p>\n","protected":false},"author":1001,"featured_media":0,"comment_status":"closed","ping_status":"open","sticky":false,"template":"","format":"standard","meta":{"footnotes":""},"categories":[],"tags":[],"class_list":["post-3464","post","type-post","status-publish","format-standard","hentry"],"_links":{"self":[{"href":"https:\/\/agrarias.ufpr.br\/ccmv\/wp-json\/wp\/v2\/posts\/3464","targetHints":{"allow":["GET"]}}],"collection":[{"href":"https:\/\/agrarias.ufpr.br\/ccmv\/wp-json\/wp\/v2\/posts"}],"about":[{"href":"https:\/\/agrarias.ufpr.br\/ccmv\/wp-json\/wp\/v2\/types\/post"}],"author":[{"embeddable":true,"href":"https:\/\/agrarias.ufpr.br\/ccmv\/wp-json\/wp\/v2\/users\/1001"}],"replies":[{"embeddable":true,"href":"https:\/\/agrarias.ufpr.br\/ccmv\/wp-json\/wp\/v2\/comments?post=3464"}],"version-history":[{"count":1,"href":"https:\/\/agrarias.ufpr.br\/ccmv\/wp-json\/wp\/v2\/posts\/3464\/revisions"}],"predecessor-version":[{"id":3602,"href":"https:\/\/agrarias.ufpr.br\/ccmv\/wp-json\/wp\/v2\/posts\/3464\/revisions\/3602"}],"wp:attachment":[{"href":"https:\/\/agrarias.ufpr.br\/ccmv\/wp-json\/wp\/v2\/media?parent=3464"}],"wp:term":[{"taxonomy":"category","embeddable":true,"href":"https:\/\/agrarias.ufpr.br\/ccmv\/wp-json\/wp\/v2\/categories?post=3464"},{"taxonomy":"post_tag","embeddable":true,"href":"https:\/\/agrarias.ufpr.br\/ccmv\/wp-json\/wp\/v2\/tags?post=3464"}],"curies":[{"name":"wp","href":"https:\/\/api.w.org\/{rel}","templated":true}]}}