{"id":3458,"date":"2025-02-28T15:31:28","date_gmt":"2025-02-28T15:31:28","guid":{"rendered":"https:\/\/agrarias.ufpr.br\/ccmv\/?post_type=avisos&#038;p=3458"},"modified":"2026-03-23T16:22:45","modified_gmt":"2026-03-23T16:22:45","slug":"oportunidade-edital-de-estagio-nao-obrigatorio-n-ufpr-prograp-coappe","status":"publish","type":"post","link":"https:\/\/agrarias.ufpr.br\/ccmv\/2025\/02\/28\/oportunidade-edital-de-estagio-nao-obrigatorio-n-ufpr-prograp-coappe\/","title":{"rendered":"OPORTUNIDADE &#8211; EDITAL DE EST\u00c1GIO N\u00c3O-OBRIGAT\u00d3RIO NA UFPR"},"content":{"rendered":"<p><a href=\"http:\/\/www.prograd.ufpr.br\/portal\/wp-content\/uploads\/2025\/02\/SEI_7521087_Edital_001-4-2.pdf\">Processo Seletivo de Est\u00e1gio N\u00e3o-Obrigat\u00f3rio<\/a><\/p>\n","protected":false},"excerpt":{"rendered":"<p>Processo Seletivo de Est\u00e1gio N\u00e3o-Obrigat\u00f3rio<\/p>\n","protected":false},"author":1001,"featured_media":0,"comment_status":"closed","ping_status":"open","sticky":false,"template":"","format":"standard","meta":{"footnotes":""},"categories":[],"tags":[],"class_list":["post-3458","post","type-post","status-publish","format-standard","hentry"],"_links":{"self":[{"href":"https:\/\/agrarias.ufpr.br\/ccmv\/wp-json\/wp\/v2\/posts\/3458","targetHints":{"allow":["GET"]}}],"collection":[{"href":"https:\/\/agrarias.ufpr.br\/ccmv\/wp-json\/wp\/v2\/posts"}],"about":[{"href":"https:\/\/agrarias.ufpr.br\/ccmv\/wp-json\/wp\/v2\/types\/post"}],"author":[{"embeddable":true,"href":"https:\/\/agrarias.ufpr.br\/ccmv\/wp-json\/wp\/v2\/users\/1001"}],"replies":[{"embeddable":true,"href":"https:\/\/agrarias.ufpr.br\/ccmv\/wp-json\/wp\/v2\/comments?post=3458"}],"version-history":[{"count":2,"href":"https:\/\/agrarias.ufpr.br\/ccmv\/wp-json\/wp\/v2\/posts\/3458\/revisions"}],"predecessor-version":[{"id":3604,"href":"https:\/\/agrarias.ufpr.br\/ccmv\/wp-json\/wp\/v2\/posts\/3458\/revisions\/3604"}],"wp:attachment":[{"href":"https:\/\/agrarias.ufpr.br\/ccmv\/wp-json\/wp\/v2\/media?parent=3458"}],"wp:term":[{"taxonomy":"category","embeddable":true,"href":"https:\/\/agrarias.ufpr.br\/ccmv\/wp-json\/wp\/v2\/categories?post=3458"},{"taxonomy":"post_tag","embeddable":true,"href":"https:\/\/agrarias.ufpr.br\/ccmv\/wp-json\/wp\/v2\/tags?post=3458"}],"curies":[{"name":"wp","href":"https:\/\/api.w.org\/{rel}","templated":true}]}}