{"id":7432,"date":"2025-05-06T13:11:21","date_gmt":"2025-05-06T13:11:21","guid":{"rendered":"https:\/\/agrarias.ufpr.br\/agronomia\/?p=7432"},"modified":"2025-05-06T14:03:47","modified_gmt":"2025-05-06T14:03:47","slug":"edital-atividades-formativas-2025-1","status":"publish","type":"post","link":"https:\/\/agrarias.ufpr.br\/agronomia\/2025\/05\/06\/edital-atividades-formativas-2025-1\/","title":{"rendered":"EDITAL ATIVIDADES FORMATIVAS 2025\/1"},"content":{"rendered":"\n<p>Aos discentes formandos do 1\u00ba semestre letivo de 2025, segue o edital com orienta\u00e7\u00e3o para envio das atividades formativas.<\/p>\n\n\n\n<p>Abaixo tamb\u00e9m constam a planilha para estimativa de pontua\u00e7\u00e3o e a Resolu\u00e7\u00e3o que estabelece os regulamentos da UFPR.<\/p>\n\n\n\n<p class=\"has-vivid-cyan-blue-color has-text-color has-link-color wp-elements-2361a675e8189ea782b2cf3ab4fc75c5\"><a href=\"https:\/\/agrarias.ufpr.br\/agronomia\/wp-content\/uploads\/sites\/24\/2025\/05\/edital-af-2025-1.pdf\"><mark class=\"has-inline-color has-vivid-cyan-blue-color\">EDITAL<\/mark><\/a><\/p>\n\n\n\n<p><a href=\"https:\/\/agrarias.ufpr.br\/agronomia\/wp-content\/uploads\/sites\/24\/2025\/05\/planilha-atividades-formativas.xlsx\"><mark class=\"has-inline-color has-vivid-cyan-blue-color\">PLANILHA DE PONTUA\u00c7\u00c3O<\/mark><\/a><\/p>\n\n\n\n<p><a href=\"https:\/\/agrarias.ufpr.br\/agronomia\/wp-content\/uploads\/sites\/24\/2025\/05\/resol-70-04-cepe-ativ-formativas.pdf\"><mark class=\"has-inline-color has-vivid-cyan-blue-color\">RESOLU\u00c7\u00c3O N\u00ba 70\/04<\/mark><\/a><\/p>\n\n\n\n<p>Discentes que estejam cursando disciplinas optativas extras j\u00e1 podem deixar preenchidas as cargas hor\u00e1rias no respectivo campo da planilha. A comprova\u00e7\u00e3o ser\u00e1 feita depois mediante verifica\u00e7\u00e3o da aprova\u00e7\u00e3o no hist\u00f3rico.<\/p>\n\n\n\n<p>Destacamos que o regimento da universidade n\u00e3o permite que os alunos permane\u00e7am no curso para concluir somente as atividades formativas posteriormente, caso j\u00e1 tenham encerrado todas as disciplinas, pois n\u00e3o se caracteriza como v\u00ednculo, tendo o risco de ter seu registro acad\u00eamico cancelado.<\/p>\n\n\n\n<p><\/p>\n","protected":false},"excerpt":{"rendered":"<p>Aos discentes formandos do 1\u00ba semestre letivo de 2025, segue o edital com orienta\u00e7\u00e3o para envio das atividades formativas. Abaixo tamb\u00e9m constam a planilha para estimativa de pontua\u00e7\u00e3o e a Resolu\u00e7\u00e3o que estabelece os regulamentos da UFPR. EDITAL PLANILHA DE PONTUA\u00c7\u00c3O RESOLU\u00c7\u00c3O N\u00ba 70\/04 Discentes que estejam cursando disciplinas optativas extras j\u00e1 podem deixar preenchidas [&hellip;]<\/p>\n","protected":false},"author":10285,"featured_media":0,"comment_status":"open","ping_status":"open","sticky":false,"template":"","format":"standard","meta":{"footnotes":""},"categories":[1],"tags":[],"class_list":["post-7432","post","type-post","status-publish","format-standard","hentry","category-sem-categoria"],"_links":{"self":[{"href":"https:\/\/agrarias.ufpr.br\/agronomia\/wp-json\/wp\/v2\/posts\/7432","targetHints":{"allow":["GET"]}}],"collection":[{"href":"https:\/\/agrarias.ufpr.br\/agronomia\/wp-json\/wp\/v2\/posts"}],"about":[{"href":"https:\/\/agrarias.ufpr.br\/agronomia\/wp-json\/wp\/v2\/types\/post"}],"author":[{"embeddable":true,"href":"https:\/\/agrarias.ufpr.br\/agronomia\/wp-json\/wp\/v2\/users\/10285"}],"replies":[{"embeddable":true,"href":"https:\/\/agrarias.ufpr.br\/agronomia\/wp-json\/wp\/v2\/comments?post=7432"}],"version-history":[{"count":9,"href":"https:\/\/agrarias.ufpr.br\/agronomia\/wp-json\/wp\/v2\/posts\/7432\/revisions"}],"predecessor-version":[{"id":7452,"href":"https:\/\/agrarias.ufpr.br\/agronomia\/wp-json\/wp\/v2\/posts\/7432\/revisions\/7452"}],"wp:attachment":[{"href":"https:\/\/agrarias.ufpr.br\/agronomia\/wp-json\/wp\/v2\/media?parent=7432"}],"wp:term":[{"taxonomy":"category","embeddable":true,"href":"https:\/\/agrarias.ufpr.br\/agronomia\/wp-json\/wp\/v2\/categories?post=7432"},{"taxonomy":"post_tag","embeddable":true,"href":"https:\/\/agrarias.ufpr.br\/agronomia\/wp-json\/wp\/v2\/tags?post=7432"}],"curies":[{"name":"wp","href":"https:\/\/api.w.org\/{rel}","templated":true}]}}